{"id":994,"date":"2020-11-27T17:25:22","date_gmt":"2020-11-27T17:25:22","guid":{"rendered":"http:\/\/lavereda.com.mx\/?p=994"},"modified":"2020-11-27T17:25:24","modified_gmt":"2020-11-27T17:25:24","slug":"anuncian-ganadores-del-premio-de-ballet-saltillo-2020","status":"publish","type":"post","link":"https:\/\/lavereda.com.mx\/index.php\/2020\/11\/27\/anuncian-ganadores-del-premio-de-ballet-saltillo-2020\/","title":{"rendered":"Anuncian ganadores del Premio de Ballet Saltillo 2020"},"content":{"rendered":"\n<ul class=\"wp-block-list\"><li>\u00danico concurso nacional con un monto de\u00a0250 mil pesos en premios<\/li><\/ul>\n\n\n\n<ul class=\"wp-block-list\"><li>15 estados participantes<\/li><\/ul>\n\n\n\n<p>Saltillo, Coahuila.- El Instituto Municipal de Cultura\u00a0di\u00f3\u00a0a conocer a los ganadores del Premio de Ballet Saltillo 2020. \u00abLa convocatoria tuvo la finalidad de visibilizar la propuesta de los ejecutantes y core\u00f3grafos hacedores de ballet a nivel nacional e internacional, al tiempo que se promueve la producci\u00f3n coreogr\u00e1fica en el pa\u00eds\u00bb, inform\u00f3 la instituci\u00f3n.<\/p>\n\n\n\n<blockquote class=\"wp-block-quote is-layout-flow wp-block-quote-is-layout-flow\"><p>\u201cTuvimos una gran participaci\u00f3n de core\u00f3grafos y ejecutantes de los estados de los estados de Aguascalientes, Baja California Sur,\u00a0CDMX,\u00a0Coahuila, Estado de M\u00e9xico, Guanajuato, Jalisco, Morelos, Nuevo Le\u00f3n, Puebla, Quer\u00e9taro, Quintana Roo, Sinaloa, Veracruz, Yucat\u00e1n\u201d, destac\u00f3\u00a0el\u00a0director\u00a0del Instituto Municipal del Cultura de Saltillo Iv\u00e1n M\u00e1rquez Morales, quien dijo\u00a0que se cuenta con una bolsa de 250 mil pesos\u00a0en premios\u00a0repartidos entre los ganadores.<\/p><\/blockquote>\n\n\n\n<p>\u201cA la mejor ejecutante femenil, se le premiar\u00e1&nbsp;con &nbsp;100&nbsp;mil pesos, al mejor ejecutante Varonil tambi\u00e9n 100 mil pesos y a la mejor coreograf\u00eda contempor\u00e1nea, 50 mil pesos. Tambi\u00e9n los ganadores se har\u00e1n acreedores a la participaci\u00f3n en la Gala Internacional de Ballet \u201cS\u00f3lo primeros\u201d del Festival Internacional de Cultura de Saltillo 2021\u201d.<\/p>\n\n\n\n<p>&nbsp;Este es el&nbsp;primer concurso de danza&nbsp;cl\u00e1sica&nbsp;que incluye&nbsp;un&nbsp;premio a&nbsp;la&nbsp;mejor&nbsp;coreograf\u00eda, lo cual lo convierte en \u00fanico en su tipo, adem\u00e1s de que el monto de los premios lo ubica a nivel nacional como el que ofrece el mayor est\u00edmulo econ\u00f3mico.<\/p>\n\n\n\n<p>El jurado calificador,&nbsp;que se reuni\u00f3 v\u00eda zoom para deliberar,estuvo integrado por personalidades de reconocido prestigio en la danza mexicana como Jaime Vargas,&nbsp;Primer Bailar\u00edn del Royal Winnipeg Ballet;&nbsp;Jos\u00e9 Carre\u00f1o&nbsp;qui\u00e9n fue bailar\u00edn principal en el English&nbsp;National&nbsp;Ballet, Royal Ballet y American Ballet&nbsp;Theatre; y de la maestra y ensayadora de la Compa\u00f1\u00eda Nacional de Danza, Natasha Lagunas quienes acordaron&nbsp;por unanimidad a los&nbsp;ganadores.<\/p>\n\n\n\n<blockquote class=\"wp-block-quote is-layout-flow wp-block-quote-is-layout-flow\"><p>En la categor\u00eda mejor ejecutante femenil:\u00a0Ivana Bueno Garc\u00e9s; en la categor\u00eda mejor ejecutante varonil:\u00a0Jos\u00e9 Manuel Hurtado\u00a0Vel\u00e1sco; y la mejor coreograf\u00eda contempor\u00e1nea:\u00a0\u201cLa\u00a0Follia\u201d de Jorge Amarante.<\/p><\/blockquote>\n\n\n\n<p>M\u00e1rquez Morales agradeci\u00f3 el apoyo\u00a0del\u00a0alcalde de Saltillo, Manolo Jim\u00e9nez, adem\u00e1s mencion\u00f3 que la Secretar\u00eda de Cultura de Coahuila y Danza UNAM respaldaron esta iniciativa\u00a0para continuar impulsando esta disciplina danc\u00edstica, al tiempo que se incentiva la participaci\u00f3n y producci\u00f3n, tanto de core\u00f3grafos como ejecutantes \u00a0 de calidad.<\/p>\n\n\n\n<p>La premiaci\u00f3n de los ganadores se realizar\u00e1 en el mes de diciembre del presente a\u00f1o.<\/p>\n","protected":false},"excerpt":{"rendered":"<p>\u00danico concurso nacional con un monto de\u00a0250 mil pesos en premios 15 estados participantes Saltillo, Coahuila.- El Instituto Municipal de Cultura\u00a0di\u00f3\u00a0a conocer a los ganadores del Premio de Ballet Saltillo &hellip; <a href=\"https:\/\/lavereda.com.mx\/index.php\/2020\/11\/27\/anuncian-ganadores-del-premio-de-ballet-saltillo-2020\/\" class=\"more-link\">Leer m\u00e1s<\/a><\/p>\n","protected":false},"author":1,"featured_media":995,"comment_status":"open","ping_status":"open","sticky":false,"template":"","format":"standard","meta":{"footnotes":""},"categories":[2,18],"tags":[],"class_list":["post-994","post","type-post","status-publish","format-standard","has-post-thumbnail","hentry","category-artes-escenicas","category-lomasrelevante","entry"],"_links":{"self":[{"href":"https:\/\/lavereda.com.mx\/index.php\/wp-json\/wp\/v2\/posts\/994","targetHints":{"allow":["GET"]}}],"collection":[{"href":"https:\/\/lavereda.com.mx\/index.php\/wp-json\/wp\/v2\/posts"}],"about":[{"href":"https:\/\/lavereda.com.mx\/index.php\/wp-json\/wp\/v2\/types\/post"}],"author":[{"embeddable":true,"href":"https:\/\/lavereda.com.mx\/index.php\/wp-json\/wp\/v2\/users\/1"}],"replies":[{"embeddable":true,"href":"https:\/\/lavereda.com.mx\/index.php\/wp-json\/wp\/v2\/comments?post=994"}],"version-history":[{"count":1,"href":"https:\/\/lavereda.com.mx\/index.php\/wp-json\/wp\/v2\/posts\/994\/revisions"}],"predecessor-version":[{"id":996,"href":"https:\/\/lavereda.com.mx\/index.php\/wp-json\/wp\/v2\/posts\/994\/revisions\/996"}],"wp:featuredmedia":[{"embeddable":true,"href":"https:\/\/lavereda.com.mx\/index.php\/wp-json\/wp\/v2\/media\/995"}],"wp:attachment":[{"href":"https:\/\/lavereda.com.mx\/index.php\/wp-json\/wp\/v2\/media?parent=994"}],"wp:term":[{"taxonomy":"category","embeddable":true,"href":"https:\/\/lavereda.com.mx\/index.php\/wp-json\/wp\/v2\/categories?post=994"},{"taxonomy":"post_tag","embeddable":true,"href":"https:\/\/lavereda.com.mx\/index.php\/wp-json\/wp\/v2\/tags?post=994"}],"curies":[{"name":"wp","href":"https:\/\/api.w.org\/{rel}","templated":true}]}}