{"id":989,"date":"2020-11-26T17:21:57","date_gmt":"2020-11-26T17:21:57","guid":{"rendered":"http:\/\/lavereda.com.mx\/?p=989"},"modified":"2020-11-26T17:21:59","modified_gmt":"2020-11-26T17:21:59","slug":"desde-el-teatro-isauro-presentan-septimo-concierto","status":"publish","type":"post","link":"https:\/\/lavereda.com.mx\/index.php\/2020\/11\/26\/desde-el-teatro-isauro-presentan-septimo-concierto\/","title":{"rendered":"Desde el Teatro Isauro presentan s\u00e9ptimo concierto"},"content":{"rendered":"\n<p>La Camerata de Coahuila continua con la celebraci\u00f3n del a\u00f1o Beethoven 2020, por el 250 aniversario del nacimiento del compositor. Por segunda ocasi\u00f3n volver\u00e1 al Teatro Isauro Mart\u00ednez con el s\u00e9ptimo concierto de la temporada oto\u00f1o invierno.<\/p>\n\n\n\n<p>Este concierto ser\u00e1 conformado por el&nbsp;\u201cSepteto en Mi Bemol Mayor, Op.20\u201d del&nbsp;compositor alem\u00e1n Ludwig van Beethoven, compuesto en su mayor\u00eda en 1799 y completado a principios del a\u00f1o siguiente, estrenado en abril de 1800.<\/p>\n\n\n\n<blockquote class=\"wp-block-quote is-layout-flow wp-block-quote-is-layout-flow\"><p>El Septeto op.20 en Mi Bemol Mayor de Beethoven es una obra de c\u00e1mara para viol\u00edn, viola, violonchelo, contrabajo, clarinete, corno y fagot. Su formato y estilo se acogen al de la serenata, conformado por 6 movimientos.<\/p><\/blockquote>\n\n\n\n<p>El s\u00e9ptimo concierto se realizar\u00e1 este viernes 27 de noviembre en punto de las 20:30 horas, en una transmisi\u00f3n completamente en vivo a trav\u00e9s de la p\u00e1gina de Facebook: CAMERATA DE COAHUILA.<\/p>\n\n\n\n<p>Se contar\u00e1 con la participaci\u00f3n del concertino Ismael Estevan\u00e9; en la viola, Yulia Mokhnatkina; en el violoncello, Laila Kanni\u00f1a; en el contrabajo, Gabriel Robles; en el clarinete, Fernando Guijarro; en Fagot, Konstantin Melik-Vrtanesya y en el corno, Juan Caltzontzin, integrantes de la orquesta,<\/p>\n\n\n\n<p>Debido a la contingencia que se vive actualmente en el mundo, la Camerata de Coahuila ha dado un paso a reinventarse, con el fin seguir promoviendo la m\u00fasica cl\u00e1sica en el estado, el pa\u00eds y en el mundo, tomando como escenarios principales, diversos sitios representativos de la ciudad de Torre\u00f3n, Coahuila, llevando hasta sus hogares, un concierto de manera virtual con un formato reducido de orquesta, desarrollados por un despliegue t\u00e9cnico profesional de video, audio e iluminaci\u00f3n de televisi\u00f3n, con los m\u00e1s altos niveles de calidad.<\/p>\n","protected":false},"excerpt":{"rendered":"<p>La Camerata de Coahuila continua con la celebraci\u00f3n del a\u00f1o Beethoven 2020, por el 250 aniversario del nacimiento del compositor. Por segunda ocasi\u00f3n volver\u00e1 al Teatro Isauro Mart\u00ednez con el &hellip; <a href=\"https:\/\/lavereda.com.mx\/index.php\/2020\/11\/26\/desde-el-teatro-isauro-presentan-septimo-concierto\/\" class=\"more-link\">Leer m\u00e1s<\/a><\/p>\n","protected":false},"author":1,"featured_media":990,"comment_status":"open","ping_status":"open","sticky":false,"template":"","format":"standard","meta":{"footnotes":""},"categories":[18,4],"tags":[],"class_list":["post-989","post","type-post","status-publish","format-standard","has-post-thumbnail","hentry","category-lomasrelevante","category-musica","entry"],"_links":{"self":[{"href":"https:\/\/lavereda.com.mx\/index.php\/wp-json\/wp\/v2\/posts\/989","targetHints":{"allow":["GET"]}}],"collection":[{"href":"https:\/\/lavereda.com.mx\/index.php\/wp-json\/wp\/v2\/posts"}],"about":[{"href":"https:\/\/lavereda.com.mx\/index.php\/wp-json\/wp\/v2\/types\/post"}],"author":[{"embeddable":true,"href":"https:\/\/lavereda.com.mx\/index.php\/wp-json\/wp\/v2\/users\/1"}],"replies":[{"embeddable":true,"href":"https:\/\/lavereda.com.mx\/index.php\/wp-json\/wp\/v2\/comments?post=989"}],"version-history":[{"count":1,"href":"https:\/\/lavereda.com.mx\/index.php\/wp-json\/wp\/v2\/posts\/989\/revisions"}],"predecessor-version":[{"id":991,"href":"https:\/\/lavereda.com.mx\/index.php\/wp-json\/wp\/v2\/posts\/989\/revisions\/991"}],"wp:featuredmedia":[{"embeddable":true,"href":"https:\/\/lavereda.com.mx\/index.php\/wp-json\/wp\/v2\/media\/990"}],"wp:attachment":[{"href":"https:\/\/lavereda.com.mx\/index.php\/wp-json\/wp\/v2\/media?parent=989"}],"wp:term":[{"taxonomy":"category","embeddable":true,"href":"https:\/\/lavereda.com.mx\/index.php\/wp-json\/wp\/v2\/categories?post=989"},{"taxonomy":"post_tag","embeddable":true,"href":"https:\/\/lavereda.com.mx\/index.php\/wp-json\/wp\/v2\/tags?post=989"}],"curies":[{"name":"wp","href":"https:\/\/api.w.org\/{rel}","templated":true}]}}