{"id":986,"date":"2020-11-25T23:04:57","date_gmt":"2020-11-25T23:04:57","guid":{"rendered":"http:\/\/lavereda.com.mx\/?p=986"},"modified":"2020-11-25T23:04:59","modified_gmt":"2020-11-25T23:04:59","slug":"el-teatro-tambien-se-reinventa","status":"publish","type":"post","link":"https:\/\/lavereda.com.mx\/index.php\/2020\/11\/25\/el-teatro-tambien-se-reinventa\/","title":{"rendered":"El teatro tambi\u00e9n se reinventa"},"content":{"rendered":"\n<p>La pandemia del coronavirus llev\u00f3 a las y los artistas mexicanos a reinventarse muy pronto: su papel ha sido fundamental, como b\u00e1lsamo para el p\u00fablico en estos ocho meses de confinamiento. El medio del teatro no es la excepci\u00f3n.<\/p>\n\n\n\n<p>Proyectos como el National Theatre Live de Londres ya nos hab\u00edan mostrado que el teatro puede llegar a los espectadores v\u00eda las pantallas con una gran calidad, sin embargo, en ese entonces el p\u00fablico ten\u00eda que acudir a las salas para disfrutar de estas producciones.<\/p>\n\n\n\n<p>Con la llegada del Covid, no hubo otra opci\u00f3n. Artistas de los escenarios tuvieron que aprender de la mano con cineastas y expertos en cortometrajes, c\u00f3mo llevar la experiencia esc\u00e9nica al p\u00fablico por medio de las pantallas, sin perder esa magia y esa po\u00e9tica tan peculiar en el teatro y que no se comparte con el cine o la televisi\u00f3n.<\/p>\n\n\n\n<p>Este 27, 28 y 29 de noviembre se presenta el estreno en M\u00e9xico de El Para\u00edso de la Invenci\u00f3n, obra teatral protagonizada por&nbsp;Marina de Tavira, Alfonso Herrera, Regina Bland\u00f3n y Catalina Zavala, creada durante el confimamiento, con la producci\u00f3n de&nbsp;Talipot Studio y MIO Projects, en la Plataforma de streaming Teatrix M\u00e9xico.<\/p>\n\n\n\n<p>En esta historia, Marina de Tavira y Alfonso Herrera dan vida a un emotivo y desgarrador drama, en donde retratan la historia de una familia muy particular que a simple vista no se puede catalogar. Durante la puesta, su actuaci\u00f3n lleva al espectador a conocer sus m\u00e1s profundos pensamientos, donde sobrellevan sus heridas y complejidades.<br><br>La pluma de la dramaturga Isabela Coppel relata la vida de estos personajes y la direcci\u00f3n esta a cargo de la reconocida directora Lorena Maza.&nbsp;Los personajes principales navegan a contracorriente en una sociedad manipulada por la simulaci\u00f3n, lo pol\u00edticamente correcto, as\u00ed como las falsas preocupaciones sociales, donde har\u00e1n lo posible para reconciliarse con su pasado, su presente, y, sobre todo, con lo que planean hacer hacia&nbsp;el&nbsp;futuro.<\/p>\n\n\n\n<blockquote class=\"wp-block-quote is-layout-flow wp-block-quote-is-layout-flow\"><p>El d\u00eda de ayer se present\u00f3 la funci\u00f3n de prensa, donde se pudo apreciar una historia contada cien por ciento con recursos teatrales. Las escenas se desarrollan en el teatro, en el escenario y en las butacas. <\/p><\/blockquote>\n\n\n\n<p>Tambi\u00e9n se utiliza una especie de foso para abrir paso a la rec\u00e1mara de la ni\u00f1a, personaje que juega un papel crucial: mostrar el poder de la imaginaci\u00f3n y la capacidad de adaptaci\u00f3n de los infantes a la dura realidad, y que es realmente asombrosa.<\/p>\n\n\n\n<p>Aunque sabemos que dada la trayectoria del elenco, esta obra cuenta con recursos econ\u00f3micos y herramientas de calidad en la producci\u00f3n (algo que no est\u00e1 alcance de todas las compa\u00f1\u00edas esc\u00e9nicas del pa\u00eds), su propuesta es interesante porque le muestra al p\u00fablico que el teatro, aun en pantallas y sin p\u00fablico en la sala, no deja de ser teatro. <\/p>\n\n\n\n<p>Se apoya en las c\u00e1maras, en la producci\u00f3n cinematogr\u00e1fica, en la tecnolog\u00eda. Pero sigue siendo un acto que guarda una extrema relaci\u00f3n con la poes\u00eda, la literatura, con la m\u00fasica, con la danza; y es mucho m\u00e1s libre, podr\u00eda decirse, que lo que se puede descubrir en el cine o en la televisi\u00f3n.<\/p>\n\n\n\n<p>Muchos teatristas est\u00e1n apostando a la venta de boletos para sus puestas en escena por medio de diversas plataformas. Se siguen presentando festivales con funciones gratuitas y otras con costo, y aunque es menor, la cantidad de p\u00fablico dispuesta a pagar por un boleto para una funcion online; aun hay p\u00fablico para esto.<\/p>\n\n\n\n<p>Ojal\u00e1 que El para\u00edso de la Invenci\u00f3n no sea la \u00fanica obra teatral que corra con \u00e9xito en su temporada. Que el teatro, como las dem\u00e1s bellas artes, no pierdan ese poder de provocarnos una catarsis y una reflexi\u00f3n, tan necesaria en estos d\u00edas.<\/p>\n\n\n\n<p>No dejemos de apoyar las funciones en streaming de las dem\u00e1s compa\u00f1\u00edas esc\u00e9nicas en nuestra regi\u00f3n y en nuestro estado.<br><br><\/p>\n","protected":false},"excerpt":{"rendered":"<p>La pandemia del coronavirus llev\u00f3 a las y los artistas mexicanos a reinventarse muy pronto: su papel ha sido fundamental, como b\u00e1lsamo para el p\u00fablico en estos ocho meses de &hellip; <a href=\"https:\/\/lavereda.com.mx\/index.php\/2020\/11\/25\/el-teatro-tambien-se-reinventa\/\" class=\"more-link\">Leer m\u00e1s<\/a><\/p>\n","protected":false},"author":9,"featured_media":987,"comment_status":"open","ping_status":"open","sticky":false,"template":"","format":"standard","meta":{"footnotes":""},"categories":[2,18],"tags":[],"class_list":["post-986","post","type-post","status-publish","format-standard","has-post-thumbnail","hentry","category-artes-escenicas","category-lomasrelevante","entry"],"_links":{"self":[{"href":"https:\/\/lavereda.com.mx\/index.php\/wp-json\/wp\/v2\/posts\/986","targetHints":{"allow":["GET"]}}],"collection":[{"href":"https:\/\/lavereda.com.mx\/index.php\/wp-json\/wp\/v2\/posts"}],"about":[{"href":"https:\/\/lavereda.com.mx\/index.php\/wp-json\/wp\/v2\/types\/post"}],"author":[{"embeddable":true,"href":"https:\/\/lavereda.com.mx\/index.php\/wp-json\/wp\/v2\/users\/9"}],"replies":[{"embeddable":true,"href":"https:\/\/lavereda.com.mx\/index.php\/wp-json\/wp\/v2\/comments?post=986"}],"version-history":[{"count":1,"href":"https:\/\/lavereda.com.mx\/index.php\/wp-json\/wp\/v2\/posts\/986\/revisions"}],"predecessor-version":[{"id":988,"href":"https:\/\/lavereda.com.mx\/index.php\/wp-json\/wp\/v2\/posts\/986\/revisions\/988"}],"wp:featuredmedia":[{"embeddable":true,"href":"https:\/\/lavereda.com.mx\/index.php\/wp-json\/wp\/v2\/media\/987"}],"wp:attachment":[{"href":"https:\/\/lavereda.com.mx\/index.php\/wp-json\/wp\/v2\/media?parent=986"}],"wp:term":[{"taxonomy":"category","embeddable":true,"href":"https:\/\/lavereda.com.mx\/index.php\/wp-json\/wp\/v2\/categories?post=986"},{"taxonomy":"post_tag","embeddable":true,"href":"https:\/\/lavereda.com.mx\/index.php\/wp-json\/wp\/v2\/tags?post=986"}],"curies":[{"name":"wp","href":"https:\/\/api.w.org\/{rel}","templated":true}]}}