{"id":983,"date":"2020-11-25T01:07:34","date_gmt":"2020-11-25T01:07:34","guid":{"rendered":"http:\/\/lavereda.com.mx\/?p=983"},"modified":"2020-11-25T01:07:36","modified_gmt":"2020-11-25T01:07:36","slug":"presentan-el-festival-norte-creativo","status":"publish","type":"post","link":"https:\/\/lavereda.com.mx\/index.php\/2020\/11\/25\/presentan-el-festival-norte-creativo\/","title":{"rendered":"Presentan el Festival Norte Creativo"},"content":{"rendered":"\n<p>La Secretar\u00eda de Cultura de Coahuila invit\u00f3 al p\u00fablico a seguir a trav\u00e9s de sus redes sociales la programaci\u00f3n del Festival Norte Creativo, que se lleva a cabo del 23 al 27 de noviembre.<\/p>\n\n\n\n<p>La titular Ana Sof\u00eda Garc\u00eda Camil, mencion\u00f3 que el d\u00eda de ma\u00f1ana 25 de de noviembre, a las 13:00 horas se contar\u00e1 v\u00eda Facebook Live con la charla magistral virtual \u201cCreative Citizens\u201d, impartida por bailar\u00edn principal del Ballet Nacional de Inglaterra, Isaac Hern\u00e1ndez.<\/p>\n\n\n\n<blockquote class=\"wp-block-quote is-layout-flow wp-block-quote-is-layout-flow\"><p>\u00a0\u201cEl d\u00eda de ma\u00f1ana Isaac presentar\u00e1 una visi\u00f3n global sobre la importancia de las industrias creativas en la econom\u00eda, y por la noche, a las 18:00 horas, los miembros del Forcan el conversatorio virtual \u2018Hacia la consolidaci\u00f3n de las econom\u00edas creativas del noreste de M\u00e9xico\u2019\u201d, detall\u00f3.<\/p><\/blockquote>\n\n\n\n<p>A las 19:00 horas estar\u00e1 el Conversatorio virtual Perspectivas 2021 \u201cLas mujeres en la industria de la m\u00fasica\u201d, que ser\u00e1 moderado por la m\u00e1nager musical Ana Rodr\u00edguez.<\/p>\n\n\n\n<p>Para el jueves 26, este festival tiene la presentaci\u00f3n de la Red nacional de gestores e culturales de M\u00e9xico (REGEM) a las 12:00 horas; Plataformas para reactivar las econom\u00edas creativas en M\u00e9xico, a las 18:00 horas; y La Econom\u00eda de las Artes Esc\u00e9nicas en M\u00e9xico, a las 20:00 horas.<\/p>\n\n\n\n<p>Garc\u00eda Camil destac\u00f3 que el viernes se contar\u00e1 con la presencia de John Howkins, \u201cPadre\u201d de la econom\u00eda creativa, estratega y asesor global sobre tendencias futuras en creatividad, innovaci\u00f3n y trabajo.<\/p>\n\n\n\n<p>\u201cHowkins estar\u00e1 presentando a las 20:00 horas la conferencia magistral \u2018La Econom\u00eda Creativa: remodelando el futuro del trabajo\u2019\u201d.<\/p>\n\n\n\n<p>Este mismo viernes, a las 13:00 horas estar\u00e1 la mesa de di\u00e1logo \u201cAgentes Digitales: Dinamizando el Ecosistema\u201d; a las 16:00 horas un conversatorio virtual y la Conferencia \u201cM\u00e9xico Creativo. Una estrategia nacional para el fomento de las econom\u00edas creativas\u201d, a las 18:00 horas.<\/p>\n","protected":false},"excerpt":{"rendered":"<p>La Secretar\u00eda de Cultura de Coahuila invit\u00f3 al p\u00fablico a seguir a trav\u00e9s de sus redes sociales la programaci\u00f3n del Festival Norte Creativo, que se lleva a cabo del 23 &hellip; <a href=\"https:\/\/lavereda.com.mx\/index.php\/2020\/11\/25\/presentan-el-festival-norte-creativo\/\" class=\"more-link\">Leer m\u00e1s<\/a><\/p>\n","protected":false},"author":1,"featured_media":984,"comment_status":"open","ping_status":"open","sticky":false,"template":"","format":"standard","meta":{"footnotes":""},"categories":[2],"tags":[],"class_list":["post-983","post","type-post","status-publish","format-standard","has-post-thumbnail","hentry","category-artes-escenicas","entry"],"_links":{"self":[{"href":"https:\/\/lavereda.com.mx\/index.php\/wp-json\/wp\/v2\/posts\/983","targetHints":{"allow":["GET"]}}],"collection":[{"href":"https:\/\/lavereda.com.mx\/index.php\/wp-json\/wp\/v2\/posts"}],"about":[{"href":"https:\/\/lavereda.com.mx\/index.php\/wp-json\/wp\/v2\/types\/post"}],"author":[{"embeddable":true,"href":"https:\/\/lavereda.com.mx\/index.php\/wp-json\/wp\/v2\/users\/1"}],"replies":[{"embeddable":true,"href":"https:\/\/lavereda.com.mx\/index.php\/wp-json\/wp\/v2\/comments?post=983"}],"version-history":[{"count":1,"href":"https:\/\/lavereda.com.mx\/index.php\/wp-json\/wp\/v2\/posts\/983\/revisions"}],"predecessor-version":[{"id":985,"href":"https:\/\/lavereda.com.mx\/index.php\/wp-json\/wp\/v2\/posts\/983\/revisions\/985"}],"wp:featuredmedia":[{"embeddable":true,"href":"https:\/\/lavereda.com.mx\/index.php\/wp-json\/wp\/v2\/media\/984"}],"wp:attachment":[{"href":"https:\/\/lavereda.com.mx\/index.php\/wp-json\/wp\/v2\/media?parent=983"}],"wp:term":[{"taxonomy":"category","embeddable":true,"href":"https:\/\/lavereda.com.mx\/index.php\/wp-json\/wp\/v2\/categories?post=983"},{"taxonomy":"post_tag","embeddable":true,"href":"https:\/\/lavereda.com.mx\/index.php\/wp-json\/wp\/v2\/tags?post=983"}],"curies":[{"name":"wp","href":"https:\/\/api.w.org\/{rel}","templated":true}]}}