{"id":979,"date":"2020-11-24T23:35:50","date_gmt":"2020-11-24T23:35:50","guid":{"rendered":"http:\/\/lavereda.com.mx\/?p=979"},"modified":"2020-11-24T23:35:52","modified_gmt":"2020-11-24T23:35:52","slug":"invitan-a-cineastas-de-coahuila-a-exhibir-su-trabajo","status":"publish","type":"post","link":"https:\/\/lavereda.com.mx\/index.php\/2020\/11\/24\/invitan-a-cineastas-de-coahuila-a-exhibir-su-trabajo\/","title":{"rendered":"Invitan a cineastas de Coahuila a exhibir su trabajo"},"content":{"rendered":"\n<p>La muestra de cine de Coahuila invita a la comunidad cinematogr\u00e1fica del Estado a participar en la convocatoria para formar parte de la secci\u00f3n de cine hecho por coahuilenses 2020, dentro de la segunda edici\u00f3n. Por motivos de la emergencia del Covid 19 se llevar\u00e1 acabo de manera virtual del 10 al 13 de diciembre de 2020.<\/p>\n\n\n\n<p>Desde el a\u00f1o pasado se han realizado proyecciones, talleres, conversatorios, de manera gratuita dentro de los programas: Antesala, Muestra de cine Coahuila 2019, Juntos por la paz y Cine en casa, con el objetivo de contribuir en la exhibici\u00f3n y distribuci\u00f3n del cine coahuilense y nacional.<\/p>\n\n\n\n<p>La muestra de cine de Coahuila \u201cbusca un encuentro entre cineasta cin\u00e9filos y p\u00fablico en general que permite una experiencia cinematogr\u00e1fica y cultural\u201d, dieron a conocer los organizadores.<\/p>\n\n\n\n<p>Aunque la tem\u00e1ticas libre el prop\u00f3sito es tratar contenidos sociales buscndo cortometrajes largometrajes y documentales que expresen y aborden situaciones que promuevan los derechos humanos. <\/p>\n\n\n\n<p>El 20 de noviembre se publica la convocatoria en redes sociales cierra el 30 de noviembre del mismo mes, los resultados ser\u00e1n publicados el 4 de diciembre.\u00a0\u00a0Los seleccionados recibir\u00e1n un reconocimiento por parte de la muestra de cine de Coahuila.<\/p>\n","protected":false},"excerpt":{"rendered":"<p>La muestra de cine de Coahuila invita a la comunidad cinematogr\u00e1fica del Estado a participar en la convocatoria para formar parte de la secci\u00f3n de cine hecho por coahuilenses 2020, &hellip; <a href=\"https:\/\/lavereda.com.mx\/index.php\/2020\/11\/24\/invitan-a-cineastas-de-coahuila-a-exhibir-su-trabajo\/\" class=\"more-link\">Leer m\u00e1s<\/a><\/p>\n","protected":false},"author":1,"featured_media":980,"comment_status":"open","ping_status":"open","sticky":false,"template":"","format":"standard","meta":{"footnotes":""},"categories":[6,18],"tags":[],"class_list":["post-979","post","type-post","status-publish","format-standard","has-post-thumbnail","hentry","category-cinetv","category-lomasrelevante","entry"],"_links":{"self":[{"href":"https:\/\/lavereda.com.mx\/index.php\/wp-json\/wp\/v2\/posts\/979","targetHints":{"allow":["GET"]}}],"collection":[{"href":"https:\/\/lavereda.com.mx\/index.php\/wp-json\/wp\/v2\/posts"}],"about":[{"href":"https:\/\/lavereda.com.mx\/index.php\/wp-json\/wp\/v2\/types\/post"}],"author":[{"embeddable":true,"href":"https:\/\/lavereda.com.mx\/index.php\/wp-json\/wp\/v2\/users\/1"}],"replies":[{"embeddable":true,"href":"https:\/\/lavereda.com.mx\/index.php\/wp-json\/wp\/v2\/comments?post=979"}],"version-history":[{"count":1,"href":"https:\/\/lavereda.com.mx\/index.php\/wp-json\/wp\/v2\/posts\/979\/revisions"}],"predecessor-version":[{"id":981,"href":"https:\/\/lavereda.com.mx\/index.php\/wp-json\/wp\/v2\/posts\/979\/revisions\/981"}],"wp:featuredmedia":[{"embeddable":true,"href":"https:\/\/lavereda.com.mx\/index.php\/wp-json\/wp\/v2\/media\/980"}],"wp:attachment":[{"href":"https:\/\/lavereda.com.mx\/index.php\/wp-json\/wp\/v2\/media?parent=979"}],"wp:term":[{"taxonomy":"category","embeddable":true,"href":"https:\/\/lavereda.com.mx\/index.php\/wp-json\/wp\/v2\/categories?post=979"},{"taxonomy":"post_tag","embeddable":true,"href":"https:\/\/lavereda.com.mx\/index.php\/wp-json\/wp\/v2\/tags?post=979"}],"curies":[{"name":"wp","href":"https:\/\/api.w.org\/{rel}","templated":true}]}}