{"id":976,"date":"2020-11-24T01:07:57","date_gmt":"2020-11-24T01:07:57","guid":{"rendered":"http:\/\/lavereda.com.mx\/?p=976"},"modified":"2020-11-24T01:07:59","modified_gmt":"2020-11-24T01:07:59","slug":"inician-16-dias-de-activismo-en-torreon","status":"publish","type":"post","link":"https:\/\/lavereda.com.mx\/index.php\/2020\/11\/24\/inician-16-dias-de-activismo-en-torreon\/","title":{"rendered":"Inician 16 d\u00edas de activismo en Torre\u00f3n"},"content":{"rendered":"\n<p>La conferencia&nbsp;\u201cViolencia contra las mujeres y ni\u00f1as en el marco de Covid y Post Pandemia\u201d&nbsp;dar\u00e1 inicio a las actividades del Instituto Municipal de la Mujer correspondientes de los 16 D\u00edas de Activismo que se desarrollan como parte de la conmemoraci\u00f3n del 25 de noviembre, D\u00eda Internacional de la Eliminaci\u00f3n de la Violencia Contra la Mujer.<\/p>\n\n\n\n<p>La conferencia es impartida por Natalia Calero S\u00e1nchez, Oficial Nacional de Programas de ONU Mujeres M\u00e9xico y se llevar\u00e1 a cabo este martes 24 de noviembre, de 9:00 a 10:00 horas, a trav\u00e9s de la plataforma Zoom. La conferencia, como todas las actividades, ser\u00e1 gratuita y para recibir a la liga de acceso s\u00f3lo deben enviar su nombre completo al correo electr\u00f3nico&nbsp;capacitacion.immt@gmail.com.<\/p>\n\n\n\n<p>La particularidad de este a\u00f1o es la pandemia por Covid-19 y el clima de violencia que genera a las mujeres que se quedan en casa con el agresor, de ah\u00ed el tema inicial en el marco de los 16 D\u00edas de Activismo, que se desarrollan del 25 de noviembre al 10 de diciembre, dio a conocer la directora del Instituto Municipal de la Mujer, Claudia Murillo Medina. Ante esto coment\u00f3 que, continuando con los protocolos sanitarios, la mayor parte de las actividades se llevar\u00e1n a cabo a trav\u00e9s de la plataforma digital Zoom.<\/p>\n\n\n\n<p>Record\u00f3 que este a\u00f1o la ONU design\u00f3 para los 16 D\u00edas de activismo el lema\u00a0\u201cPinta tu\u00a0mundo de naranja: \u00a1Financiar, responder, prevenir, recopilar!\u201d, que busca unir fuerzas para abordar la pandemia mundial de violencia contra las mujeres y las ni\u00f1as.<\/p>\n\n\n\n<p>Para el 25 de noviembre a las 12 del d\u00eda se tiene programada la conferencia\u00a0\u201cProtocolo de Feminicidio y Violaci\u00f3n\u201d, impartida por la doctora en derecho Patricia Olamendi quien elabor\u00f3 para ONU Mujeres, el Protocolo para la Investigaci\u00f3n del Feminicidio y es autora del Protocolo para la Investigaci\u00f3n del Delito de Violaci\u00f3n, aprobado y publicado en varios estados de M\u00e9xico. La doctora es integrante del Grupo de Trabajo del Consejo de Derechos Humanos de la ONU y coordinadora del mecanismo Convenci\u00f3n de Bel\u00e9m Do Par\u00e1 para erradicar la violencia contra las mujeres, de la Organizaci\u00f3n de los Estados Americanos (OEA).<\/p>\n\n\n\n<p>Ese d\u00eda los edificios m\u00e1s emblem\u00e1ticos de Torre\u00f3n ser\u00e1n iluminados con el color naranja, el cual es representativo de esta fecha.<\/p>\n\n\n\n<p>El d\u00eda 26 se har\u00e1 el lanzamiento de la segunda edici\u00f3n del Cat\u00e1logo de Emprendedoras 2020, donde se promocionan los productos y art\u00edculos que elaboran artesanalmente quienes son parte del Paseo de las Mujeres<\/p>\n","protected":false},"excerpt":{"rendered":"<p>La conferencia&nbsp;\u201cViolencia contra las mujeres y ni\u00f1as en el marco de Covid y Post Pandemia\u201d&nbsp;dar\u00e1 inicio a las actividades del Instituto Municipal de la Mujer correspondientes de los 16 D\u00edas &hellip; <a href=\"https:\/\/lavereda.com.mx\/index.php\/2020\/11\/24\/inician-16-dias-de-activismo-en-torreon\/\" class=\"more-link\">Leer m\u00e1s<\/a><\/p>\n","protected":false},"author":1,"featured_media":977,"comment_status":"open","ping_status":"open","sticky":false,"template":"","format":"standard","meta":{"footnotes":""},"categories":[18,8],"tags":[],"class_list":["post-976","post","type-post","status-publish","format-standard","has-post-thumbnail","hentry","category-lomasrelevante","category-sociedad","entry"],"_links":{"self":[{"href":"https:\/\/lavereda.com.mx\/index.php\/wp-json\/wp\/v2\/posts\/976","targetHints":{"allow":["GET"]}}],"collection":[{"href":"https:\/\/lavereda.com.mx\/index.php\/wp-json\/wp\/v2\/posts"}],"about":[{"href":"https:\/\/lavereda.com.mx\/index.php\/wp-json\/wp\/v2\/types\/post"}],"author":[{"embeddable":true,"href":"https:\/\/lavereda.com.mx\/index.php\/wp-json\/wp\/v2\/users\/1"}],"replies":[{"embeddable":true,"href":"https:\/\/lavereda.com.mx\/index.php\/wp-json\/wp\/v2\/comments?post=976"}],"version-history":[{"count":1,"href":"https:\/\/lavereda.com.mx\/index.php\/wp-json\/wp\/v2\/posts\/976\/revisions"}],"predecessor-version":[{"id":978,"href":"https:\/\/lavereda.com.mx\/index.php\/wp-json\/wp\/v2\/posts\/976\/revisions\/978"}],"wp:featuredmedia":[{"embeddable":true,"href":"https:\/\/lavereda.com.mx\/index.php\/wp-json\/wp\/v2\/media\/977"}],"wp:attachment":[{"href":"https:\/\/lavereda.com.mx\/index.php\/wp-json\/wp\/v2\/media?parent=976"}],"wp:term":[{"taxonomy":"category","embeddable":true,"href":"https:\/\/lavereda.com.mx\/index.php\/wp-json\/wp\/v2\/categories?post=976"},{"taxonomy":"post_tag","embeddable":true,"href":"https:\/\/lavereda.com.mx\/index.php\/wp-json\/wp\/v2\/tags?post=976"}],"curies":[{"name":"wp","href":"https:\/\/api.w.org\/{rel}","templated":true}]}}