{"id":963,"date":"2020-11-20T00:46:38","date_gmt":"2020-11-20T00:46:38","guid":{"rendered":"http:\/\/lavereda.com.mx\/?p=963"},"modified":"2020-11-20T01:30:54","modified_gmt":"2020-11-20T01:30:54","slug":"invitan-a-visitar-museos-de-la-revolucion","status":"publish","type":"post","link":"https:\/\/lavereda.com.mx\/index.php\/2020\/11\/20\/invitan-a-visitar-museos-de-la-revolucion\/","title":{"rendered":"Invitan a visitar Museos de la Revoluci\u00f3n"},"content":{"rendered":"\n<p>En este 110 aniversario de la Revoluci\u00f3n Mexicana, la Secretar\u00eda de Cultura invita a visitar los recintos pertenecientes a la Red Estatal de Museos, es decir, el Museo de la Revoluci\u00f3n, ubicados uno en Saltillo y otro en Torre\u00f3n<\/p>\n\n\n\n<p>El Museo de la Revoluci\u00f3n de Torre\u00f3n, se ubica en calle Lerdo de Tejada 1029, esquina con Gregorio A. Garc\u00eda, Zona Centro.<\/p>\n\n\n\n<p>La secretaria de Cultura, Ana Sof\u00eda Garc\u00eda Camil, se\u00f1al\u00f3 que en el caso del Museo de La Revoluci\u00f3n de la capital, se puede visitar una galer\u00eda donde se exhiben art\u00edculos de personajes de la \u00e9poca, como vestidos de gala, armas, medallas del Porfiriato, monedas, billetes y sombreros.<\/p>\n\n\n\n<p>Mientras que en el caso del de Torre\u00f3n, en sus vitrinas se podr\u00e1 apreciar una m\u00e1scara mortuoria de Pancho Villa, rev\u00f3lveres, carabinas, fusiles, cuchillos, medallas, sombreros, muebles, herramientas, peri\u00f3dicos y billetes.<\/p>\n\n\n\n<blockquote class=\"wp-block-quote is-layout-flow wp-block-quote-is-layout-flow\"><p>\u201cInvitamos al p\u00fablico a visitar estos museos en particular, ah\u00ed encontrar\u00e1n colecciones verdaderamente interesantes, adem\u00e1s de que Coahuila es un estado con mucha historia\u201d, destac\u00f3.<\/p><\/blockquote>\n\n\n\n<p>\u201cEs de suma importancia mantener vigentes los acontecimientos hist\u00f3ricos que le dieron vida democr\u00e1tica al Pa\u00eds, como los que sucedieron durante la Revoluci\u00f3n Mexicana y est\u00e1n resguardados en los museos arriba mencionados\u201d, dijo.<\/p>\n\n\n\n<p>Finalmente, la funcionaria estatal invit\u00f3 a quienes visiten estos museos a seguir y estar atentos a las medidas sanitarias pertinentes para poder disfrutar de cada uno de ellos de manera segura y responsable.<\/p>\n","protected":false},"excerpt":{"rendered":"<p>En este 110 aniversario de la Revoluci\u00f3n Mexicana, la Secretar\u00eda de Cultura invita a visitar los recintos pertenecientes a la Red Estatal de Museos, es decir, el Museo de la &hellip; <a href=\"https:\/\/lavereda.com.mx\/index.php\/2020\/11\/20\/invitan-a-visitar-museos-de-la-revolucion\/\" class=\"more-link\">Leer m\u00e1s<\/a><\/p>\n","protected":false},"author":1,"featured_media":964,"comment_status":"open","ping_status":"open","sticky":false,"template":"","format":"standard","meta":{"footnotes":""},"categories":[3,18],"tags":[],"class_list":["post-963","post","type-post","status-publish","format-standard","has-post-thumbnail","hentry","category-artes-visuales","category-lomasrelevante","entry"],"_links":{"self":[{"href":"https:\/\/lavereda.com.mx\/index.php\/wp-json\/wp\/v2\/posts\/963","targetHints":{"allow":["GET"]}}],"collection":[{"href":"https:\/\/lavereda.com.mx\/index.php\/wp-json\/wp\/v2\/posts"}],"about":[{"href":"https:\/\/lavereda.com.mx\/index.php\/wp-json\/wp\/v2\/types\/post"}],"author":[{"embeddable":true,"href":"https:\/\/lavereda.com.mx\/index.php\/wp-json\/wp\/v2\/users\/1"}],"replies":[{"embeddable":true,"href":"https:\/\/lavereda.com.mx\/index.php\/wp-json\/wp\/v2\/comments?post=963"}],"version-history":[{"count":2,"href":"https:\/\/lavereda.com.mx\/index.php\/wp-json\/wp\/v2\/posts\/963\/revisions"}],"predecessor-version":[{"id":966,"href":"https:\/\/lavereda.com.mx\/index.php\/wp-json\/wp\/v2\/posts\/963\/revisions\/966"}],"wp:featuredmedia":[{"embeddable":true,"href":"https:\/\/lavereda.com.mx\/index.php\/wp-json\/wp\/v2\/media\/964"}],"wp:attachment":[{"href":"https:\/\/lavereda.com.mx\/index.php\/wp-json\/wp\/v2\/media?parent=963"}],"wp:term":[{"taxonomy":"category","embeddable":true,"href":"https:\/\/lavereda.com.mx\/index.php\/wp-json\/wp\/v2\/categories?post=963"},{"taxonomy":"post_tag","embeddable":true,"href":"https:\/\/lavereda.com.mx\/index.php\/wp-json\/wp\/v2\/tags?post=963"}],"curies":[{"name":"wp","href":"https:\/\/api.w.org\/{rel}","templated":true}]}}