{"id":960,"date":"2020-11-18T19:03:04","date_gmt":"2020-11-18T19:03:04","guid":{"rendered":"http:\/\/lavereda.com.mx\/?p=960"},"modified":"2020-11-18T19:03:06","modified_gmt":"2020-11-18T19:03:06","slug":"la-camerata-celebra-el-ano-beethoven-en-el-museo-de-los-metales","status":"publish","type":"post","link":"https:\/\/lavereda.com.mx\/index.php\/2020\/11\/18\/la-camerata-celebra-el-ano-beethoven-en-el-museo-de-los-metales\/","title":{"rendered":"La Camerata celebra el A\u00f1o Beethoven en el Museo de los Metales"},"content":{"rendered":"\n<ul class=\"wp-block-list\"><li><strong><em>El sexto concierto se realizar\u00e1 este viernes 20 de noviembre en punto de las 20:30 horas, por FacebookLive.<\/em><\/strong><\/li><\/ul>\n\n\n\n<p>La Camerata de Coahuila se une a la celebraci\u00f3n del a\u00f1o Beethoven, ya que este 2020 se cumple el 250 aniversario del nacimiento del compositor alem\u00e1n en Bonn.<\/p>\n\n\n\n<p>En esta ocasi\u00f3n presentar\u00e1 su sexto concierto de la temporada oto\u00f1o invierno\u00a02020 :\u201cOcteto en Mi Bemol Mayor, Op.103\u201d\u00a0de Beethoven.<\/p>\n\n\n\n<p>El octeto en mi bemol mayor de Ludwig van Beethoven, Op. 103, es una obra para dos oboes, dos clarinetes, dos fagot y dos cuernos y conformada por 4 movimientos: Allegro, Andante, Menuetto y Finale, Presto.<\/p>\n\n\n\n<p>Beethoven escribi\u00f3 la obra en 1792 en Bonn antes de establecerse en Viena. Reelabor\u00f3 y ampli\u00f3 el Octeto en 1795 como su primer Quinteto de cuerdas, Op. 4. El Octeto no fue publicado hasta 1834 por Artaria, lo que explica el elevado n\u00famero de opus a pesar de su fecha de composici\u00f3n.<\/p>\n\n\n\n<p>El sexto concierto se realizar\u00e1 este viernes 20 de noviembre en punto de las 20:30 horas, una transmisi\u00f3n que podr\u00e1n disfrutar completamente gratuita a trav\u00e9s de la p\u00e1gina de Facebook: CAMERATA DE COAHUILA.<\/p>\n\n\n\n<p>Se contar\u00e1 con la participaci\u00f3n en los oboes los maestros Ioseb Gamilagdishvili y Borja Pareja; en los clarinetes Fernando Guijarro y Juan Jos\u00e9 Carre\u00f3n; en los fagots Juan Pablo Linares y Konstantin Melik-Vrtanesyan y en los cornos Sergei Marouchtchak y Arturo Ortiz, integrantes de la orquesta,<\/p>\n\n\n\n<p>El Museo de los Metales es un homenaje a Torre\u00f3n y su gente; tiene por objeto dar a conocer y educar, de manera atractiva y divertida, acerca de la importancia de la industria metal\u00fargica y minera para la vida personal y la comunidad, fundado el 25 de septiembre de 2007.<\/p>\n","protected":false},"excerpt":{"rendered":"<p>El sexto concierto se realizar\u00e1 este viernes 20 de noviembre en punto de las 20:30 horas, por FacebookLive. La Camerata de Coahuila se une a la celebraci\u00f3n del a\u00f1o Beethoven, &hellip; <a href=\"https:\/\/lavereda.com.mx\/index.php\/2020\/11\/18\/la-camerata-celebra-el-ano-beethoven-en-el-museo-de-los-metales\/\" class=\"more-link\">Leer m\u00e1s<\/a><\/p>\n","protected":false},"author":1,"featured_media":961,"comment_status":"open","ping_status":"open","sticky":false,"template":"","format":"standard","meta":{"footnotes":""},"categories":[18,4],"tags":[],"class_list":["post-960","post","type-post","status-publish","format-standard","has-post-thumbnail","hentry","category-lomasrelevante","category-musica","entry"],"_links":{"self":[{"href":"https:\/\/lavereda.com.mx\/index.php\/wp-json\/wp\/v2\/posts\/960","targetHints":{"allow":["GET"]}}],"collection":[{"href":"https:\/\/lavereda.com.mx\/index.php\/wp-json\/wp\/v2\/posts"}],"about":[{"href":"https:\/\/lavereda.com.mx\/index.php\/wp-json\/wp\/v2\/types\/post"}],"author":[{"embeddable":true,"href":"https:\/\/lavereda.com.mx\/index.php\/wp-json\/wp\/v2\/users\/1"}],"replies":[{"embeddable":true,"href":"https:\/\/lavereda.com.mx\/index.php\/wp-json\/wp\/v2\/comments?post=960"}],"version-history":[{"count":1,"href":"https:\/\/lavereda.com.mx\/index.php\/wp-json\/wp\/v2\/posts\/960\/revisions"}],"predecessor-version":[{"id":962,"href":"https:\/\/lavereda.com.mx\/index.php\/wp-json\/wp\/v2\/posts\/960\/revisions\/962"}],"wp:featuredmedia":[{"embeddable":true,"href":"https:\/\/lavereda.com.mx\/index.php\/wp-json\/wp\/v2\/media\/961"}],"wp:attachment":[{"href":"https:\/\/lavereda.com.mx\/index.php\/wp-json\/wp\/v2\/media?parent=960"}],"wp:term":[{"taxonomy":"category","embeddable":true,"href":"https:\/\/lavereda.com.mx\/index.php\/wp-json\/wp\/v2\/categories?post=960"},{"taxonomy":"post_tag","embeddable":true,"href":"https:\/\/lavereda.com.mx\/index.php\/wp-json\/wp\/v2\/tags?post=960"}],"curies":[{"name":"wp","href":"https:\/\/api.w.org\/{rel}","templated":true}]}}