{"id":957,"date":"2020-11-18T18:31:21","date_gmt":"2020-11-18T18:31:21","guid":{"rendered":"http:\/\/lavereda.com.mx\/?p=957"},"modified":"2020-11-18T18:31:23","modified_gmt":"2020-11-18T18:31:23","slug":"la-tienda-del-museo-arocena-se-union-al-buen-fin","status":"publish","type":"post","link":"https:\/\/lavereda.com.mx\/index.php\/2020\/11\/18\/la-tienda-del-museo-arocena-se-union-al-buen-fin\/","title":{"rendered":"La tienda del Museo Arocena se uni\u00f3n al Buen Fin"},"content":{"rendered":"\n<p>La tienda del Museo Arocena, que difunde obras visuales, joyer\u00eda, artesan\u00eda y otros productos de creadores laguneros se ha unido al Buen Fin que concluye el pr\u00f3ximo 20 de noviembre.&nbsp;<\/p>\n\n\n\n<p>Debido a la pandemia del Coronavirus, el Museo Arocena ha emprendido el sitio web para compras en l\u00ednea que es:&nbsp;<a href=\"https:\/\/tienda.museoarocena.com\/\">https:\/\/tienda.museoarocena.com<\/a>, donde el p\u00fablico podr\u00e1 encontrar una selecci\u00f3n exclusiva del talento de laguneros y artistas de otras ciudades del pa\u00eds, con atractivos descuentos.<\/p>\n\n\n\n<p>El museo tiene abierta la tienda para el p\u00fablico que desee hacer compras de forma presencial, en el lobby del recinto que se ubica en la entrada del Casino de La Laguna, inform\u00f3 la encargada del proyecto Lilia Aguilera.<\/p>\n\n\n\n<p>Algunos de los y las artistas cuya obra se puede encontrar son: Tere Hern\u00e1ndez, Rosy Granados, Paulina Meza, M\u00f3nica Fern\u00e1ndez y Miguel Canseco, entre otros. Pero tambi\u00e9n artesan\u00edas de Tenango y artesan\u00edas rar\u00e1muri.<\/p>\n\n\n\n<p>Objetos como camisetas, bolsas bordadas, joyer\u00eda, acuarelas, souvernis de la Comarca Lagunera y m\u00e1s se pueden adquirir con ofertas especiales hasta el pr\u00f3ximo viernes; y despu\u00e9s el resto del a\u00f1o, incluso con la opci\u00f3n de entrega a domicilio.<\/p>\n\n\n\n<p>Este proyecto, afirm\u00f3 Lilia Aguilera, es una forma de apoyar el talento de la regi\u00f3n y promover la compra de regalos con sentido de identidad para la pr\u00f3xima temporada navide\u00f1a.<\/p>\n","protected":false},"excerpt":{"rendered":"<p>La tienda del Museo Arocena, que difunde obras visuales, joyer\u00eda, artesan\u00eda y otros productos de creadores laguneros se ha unido al Buen Fin que concluye el pr\u00f3ximo 20 de noviembre.&nbsp; &hellip; <a href=\"https:\/\/lavereda.com.mx\/index.php\/2020\/11\/18\/la-tienda-del-museo-arocena-se-union-al-buen-fin\/\" class=\"more-link\">Leer m\u00e1s<\/a><\/p>\n","protected":false},"author":9,"featured_media":958,"comment_status":"open","ping_status":"open","sticky":false,"template":"","format":"standard","meta":{"footnotes":""},"categories":[3,18],"tags":[],"class_list":["post-957","post","type-post","status-publish","format-standard","has-post-thumbnail","hentry","category-artes-visuales","category-lomasrelevante","entry"],"_links":{"self":[{"href":"https:\/\/lavereda.com.mx\/index.php\/wp-json\/wp\/v2\/posts\/957","targetHints":{"allow":["GET"]}}],"collection":[{"href":"https:\/\/lavereda.com.mx\/index.php\/wp-json\/wp\/v2\/posts"}],"about":[{"href":"https:\/\/lavereda.com.mx\/index.php\/wp-json\/wp\/v2\/types\/post"}],"author":[{"embeddable":true,"href":"https:\/\/lavereda.com.mx\/index.php\/wp-json\/wp\/v2\/users\/9"}],"replies":[{"embeddable":true,"href":"https:\/\/lavereda.com.mx\/index.php\/wp-json\/wp\/v2\/comments?post=957"}],"version-history":[{"count":1,"href":"https:\/\/lavereda.com.mx\/index.php\/wp-json\/wp\/v2\/posts\/957\/revisions"}],"predecessor-version":[{"id":959,"href":"https:\/\/lavereda.com.mx\/index.php\/wp-json\/wp\/v2\/posts\/957\/revisions\/959"}],"wp:featuredmedia":[{"embeddable":true,"href":"https:\/\/lavereda.com.mx\/index.php\/wp-json\/wp\/v2\/media\/958"}],"wp:attachment":[{"href":"https:\/\/lavereda.com.mx\/index.php\/wp-json\/wp\/v2\/media?parent=957"}],"wp:term":[{"taxonomy":"category","embeddable":true,"href":"https:\/\/lavereda.com.mx\/index.php\/wp-json\/wp\/v2\/categories?post=957"},{"taxonomy":"post_tag","embeddable":true,"href":"https:\/\/lavereda.com.mx\/index.php\/wp-json\/wp\/v2\/tags?post=957"}],"curies":[{"name":"wp","href":"https:\/\/api.w.org\/{rel}","templated":true}]}}