{"id":949,"date":"2020-11-16T23:28:16","date_gmt":"2020-11-16T23:28:16","guid":{"rendered":"http:\/\/lavereda.com.mx\/?p=949"},"modified":"2020-11-16T23:28:18","modified_gmt":"2020-11-16T23:28:18","slug":"compania-de-ciudad-juarez-despide-al-actor-jorge-alcorcha","status":"publish","type":"post","link":"https:\/\/lavereda.com.mx\/index.php\/2020\/11\/16\/compania-de-ciudad-juarez-despide-al-actor-jorge-alcorcha\/","title":{"rendered":"Compa\u00f1\u00eda de Ciudad Ju\u00e1rez despide al actor Jorge Alcorcha"},"content":{"rendered":"\n<p>La compa\u00f1\u00eda teatral de Ciudad Ju\u00e1rez, Tel\u00f3n de Arena, donde el actor Jorge Alorcha particip\u00f3 desde el a\u00f1o 2009; emiti\u00f3 un mensaje para despedir al artista que falleci\u00f3 en Torre\u00f3n a los 83 a\u00f1os de edad.<\/p>\n\n\n\n<p>Jorge Alcorcha es una de las figuras teatrales m\u00e1s importantes y tenaces de la Comarca Lagunera y otras ciudades del pa\u00eds, quien particip\u00f3 en innumerables montajes al lado de grandes maestros como Rogelio Lu\u00e9vano.<\/p>\n\n\n\n<p>\u00abHoy Tel\u00f3n de Arena despide con profundo amor y agradecimiento a Jorge Alcorcha, actor en esta compa\u00f1\u00eda a la que honr\u00f3 con su trabajo dedicado y generoso. Un hombre de teatro que nunca claudic\u00f3 a su oficio de actor a pesar de la adversidad, al contrario, siempre nos demostr\u00f3 una gran alegr\u00eda por la vida; compromiso y disciplina por su trabajo. Descanse en paz, caminante\u00bb, difundi\u00f3 la compa\u00f1\u00eda, en voz de la actriz lagunera Liliana Sophia \u00c1lvarez Bustamante.<\/p>\n\n\n\n<p>La agrupaci\u00f3n comparti\u00f3 los principales logros de Alcorcha ( (1937 \u2013 2020):<\/p>\n\n\n\n<p>Fue un hombre de teatro, actor y director, gestor y coordinador de proyectos culturales.<\/p>\n\n\n\n<p>Egresado de la Escuela de Arte del Instituto Nacional de Bellas Artes (INBA) en Ciudad de M\u00e9xico. Particip\u00f3 en el teatro profesional junto a actores como Ignacio L\u00f3pez Tarzo, Ofelia\u00a0Guilmain en el montaje \u201cHip\u00f3lito\u201d, versi\u00f3n de Pablo Bellester, direcci\u00f3n de Jos\u00e9 Sol\u00e9\u00a0(1974). \u201cLas Madres\u201d de Rodolfo Usigli, presentada en el Teatro Tepeyac, bajo la\u00a0direcci\u00f3n de Luis G. Basurto; en la Compa\u00f1\u00eda de Teatro Cl\u00e1sico, con \u201cTodo es Ventura\u201d\u00a0de Juan Ruiz de Alarc\u00f3n, direcci\u00f3n Jorge Alcorcha, Estado de M\u00e9xico.\u00a0<\/p>\n\n\n\n<p>Incursion\u00f3 como\u00a0actor en fotonovelas y en el teatro de calle hacia 1989 con funciones en diversas\u00a0ciudades del pa\u00eds. En la Ciudad de M\u00e9xico particip\u00f3 con una amplia trayectoria\u00a0esc\u00e9nica, tambi\u00e9n en el teatro estable del Teatro Isauro Mart\u00ednez (INBA): varias veces bajo la\u00a0direcci\u00f3n de Rogelio Lu\u00e9vano. <\/p>\n\n\n\n<p>En la Comarca Lagunera residi\u00f3 mucho tiempo y\u00a0emprendi\u00f3 hasta la fecha de su muerte varios proyectos como director en el Grupo\u00a0Gambusinos. Dirigi\u00f3 en el condado Orange, Santa Ana, California, el Teatro Orquidea\u00a0(1980) y el Teatro Omet\u00f3chtli (1979).\u00a0<\/p>\n\n\n\n<p>En los sesenta particip\u00f3 en Ciudad Ju\u00e1rez en el&nbsp;Grupo de Teatro Experimental \u201cIng. Manuel J. Cardona\u201d, de la Academia Libre de&nbsp;Ciencias y Artes de Ciudad Ju\u00e1rez y estuvo a cargo de la direcci\u00f3n general y&nbsp;concepci\u00f3n esc\u00e9nica del Teatro Trashumante de la Plaza Cervantina.&nbsp;<\/p>\n\n\n\n<p>Con Tel\u00f3n de\u00a0Arena inici\u00f3 en 2009 en montajes como: Rojo Amanecer, de Xavier Robles, direcci\u00f3n de\u00a0Perla de la Rosa (2009), El enemigo, autor\u00eda y direcci\u00f3n de Perla de la Rosa (2011) El\u00a0fulgor de la batalla, de Guadalupe de la Mora, dirigido por C\u00e9sar Cabrera (2010-2014);\u00a0San Lorenzo o la persecuci\u00f3n de los cristianos, de Ysla Campbell, direcci\u00f3n de Perla de\u00a0la Rosa (2014); La visita de la dama, adaptaci\u00f3n del texto de Friedrich D\u00fcrrenmat y\u00a0direcci\u00f3n de Mauricio Jim\u00e9nez (2012) y Los Muertos, montaje anual dirigido por\u00a0Sebastien Lange, (2015 a 2020), entre otros.<\/p>\n\n\n\n<figure class=\"wp-block-image size-large\"><img fetchpriority=\"high\" decoding=\"async\" width=\"708\" height=\"1024\" src=\"https:\/\/lavereda.com.mx\/wp-content\/uploads\/2020\/11\/ALCORCHA-708x1024.jpeg\" alt=\"\" class=\"wp-image-951\" srcset=\"https:\/\/lavereda.com.mx\/wp-content\/uploads\/2020\/11\/ALCORCHA-708x1024.jpeg 708w, https:\/\/lavereda.com.mx\/wp-content\/uploads\/2020\/11\/ALCORCHA-207x300.jpeg 207w, https:\/\/lavereda.com.mx\/wp-content\/uploads\/2020\/11\/ALCORCHA-768x1111.jpeg 768w, https:\/\/lavereda.com.mx\/wp-content\/uploads\/2020\/11\/ALCORCHA.jpeg 1000w\" sizes=\"(max-width: 708px) 100vw, 708px\" \/><\/figure>\n\n\n\n<p><\/p>\n","protected":false},"excerpt":{"rendered":"<p>La compa\u00f1\u00eda teatral de Ciudad Ju\u00e1rez, Tel\u00f3n de Arena, donde el actor Jorge Alorcha particip\u00f3 desde el a\u00f1o 2009; emiti\u00f3 un mensaje para despedir al artista que falleci\u00f3 en Torre\u00f3n &hellip; <a href=\"https:\/\/lavereda.com.mx\/index.php\/2020\/11\/16\/compania-de-ciudad-juarez-despide-al-actor-jorge-alcorcha\/\" class=\"more-link\">Leer m\u00e1s<\/a><\/p>\n","protected":false},"author":1,"featured_media":950,"comment_status":"open","ping_status":"open","sticky":false,"template":"","format":"standard","meta":{"footnotes":""},"categories":[2,18],"tags":[],"class_list":["post-949","post","type-post","status-publish","format-standard","has-post-thumbnail","hentry","category-artes-escenicas","category-lomasrelevante","entry"],"_links":{"self":[{"href":"https:\/\/lavereda.com.mx\/index.php\/wp-json\/wp\/v2\/posts\/949","targetHints":{"allow":["GET"]}}],"collection":[{"href":"https:\/\/lavereda.com.mx\/index.php\/wp-json\/wp\/v2\/posts"}],"about":[{"href":"https:\/\/lavereda.com.mx\/index.php\/wp-json\/wp\/v2\/types\/post"}],"author":[{"embeddable":true,"href":"https:\/\/lavereda.com.mx\/index.php\/wp-json\/wp\/v2\/users\/1"}],"replies":[{"embeddable":true,"href":"https:\/\/lavereda.com.mx\/index.php\/wp-json\/wp\/v2\/comments?post=949"}],"version-history":[{"count":1,"href":"https:\/\/lavereda.com.mx\/index.php\/wp-json\/wp\/v2\/posts\/949\/revisions"}],"predecessor-version":[{"id":952,"href":"https:\/\/lavereda.com.mx\/index.php\/wp-json\/wp\/v2\/posts\/949\/revisions\/952"}],"wp:featuredmedia":[{"embeddable":true,"href":"https:\/\/lavereda.com.mx\/index.php\/wp-json\/wp\/v2\/media\/950"}],"wp:attachment":[{"href":"https:\/\/lavereda.com.mx\/index.php\/wp-json\/wp\/v2\/media?parent=949"}],"wp:term":[{"taxonomy":"category","embeddable":true,"href":"https:\/\/lavereda.com.mx\/index.php\/wp-json\/wp\/v2\/categories?post=949"},{"taxonomy":"post_tag","embeddable":true,"href":"https:\/\/lavereda.com.mx\/index.php\/wp-json\/wp\/v2\/tags?post=949"}],"curies":[{"name":"wp","href":"https:\/\/api.w.org\/{rel}","templated":true}]}}