{"id":946,"date":"2020-11-16T18:29:47","date_gmt":"2020-11-16T18:29:47","guid":{"rendered":"http:\/\/lavereda.com.mx\/?p=946"},"modified":"2020-11-16T18:29:48","modified_gmt":"2020-11-16T18:29:48","slug":"los-riesgos-del-ocio-7","status":"publish","type":"post","link":"https:\/\/lavereda.com.mx\/index.php\/2020\/11\/16\/los-riesgos-del-ocio-7\/","title":{"rendered":"Los riesgos del ocio"},"content":{"rendered":"\n<p>Vengo de una familia de esas que se les llama&nbsp;<em>mu\u00e9gano<\/em>, por aquello de la uni\u00f3n. Y eso ha tenido cosas buenas y malas. Lo peor es que la privacidad se compart\u00eda, sobre todo la del ba\u00f1o, las playeras se heredaban del m\u00e1s grande al peque\u00f1o, los tenis y zapatos eran de re\u00faso. Lo peor es que nos volv\u00edamos uno y la llamada de atenci\u00f3n al desordenado se transformaba en castigo parejo para todos si nos pescaban juntos, o sea, casi siempre.<\/p>\n\n\n\n<p>Lo mejor, aprendimos a nadar, andar en bici, bailar y a fumar en bola. La cola en la tortiller\u00eda se volv\u00eda m\u00e1s r\u00e1pida cuando \u00edbamos de a tres o m\u00e1s. Se compart\u00edan recuerdos e incluso sue\u00f1os, tan as\u00ed que luego no se sab\u00eda si lo hab\u00edas so\u00f1ado t\u00fa o alguno de tus primos te lo cont\u00f3 y lo hiciste tuyo.&nbsp;<\/p>\n\n\n\n<p>Nos dividimos por grupos en rangos de edades. As\u00ed, a pesar de que mis hermanas son m\u00e1s chicas que yo, nunca me faltaron estas otras cuatro hermanas con las que compart\u00ed el relato del primer amor, el primer facial, el primer depilado con pinza, el primer disco de Madonna, la primera noche de alcohol a escondidas.<\/p>\n\n\n\n<p>Ser familia me dio esas hermanas entre las que cuento dos primas gemelas que conforme pasa el tiempo descubrimos que nunca nos parecimos excepto tal vez por la manera como nuestros ojos, que ni siquiera son del mismo color,&nbsp;&nbsp;se abren ante el asombro. Tambi\u00e9n tuve esos hermanos, muchos, sobre todo mayores, que se vuelven necesarios en el colegio cuando los tipos groseros y castrosos comienzan a molestar. Primos que se acercaban con el poder de su edad, y de su estatura,&nbsp;&nbsp;a preguntar \u201c\u00bfQu\u00e9 te traes con mi prima?\u201d, suficiente para que los amantes de fastidiar, nos respetaran y nos evitaran.<\/p>\n\n\n\n<blockquote class=\"wp-block-quote is-layout-flow wp-block-quote-is-layout-flow\"><p>Y la educaci\u00f3n sentimental, esa que da al compartir la m\u00fasica y las clases de ingl\u00e9s, el futuro inventado y relatado al ritmo de ELO, Pink Floyd (bajito, no nos fuera a escuchar mi t\u00eda),\u00a0\u00a0Silvio, Pablo y dem\u00e1s trova, y, todav\u00eda m\u00e1s bajito, a Metallica, casi tan a escondidas como cuando le\u00edamos el\u00a0<em>L\u00e1grimas, risas y amor<\/em>.<\/p><\/blockquote>\n\n\n\n<p>Primos y primas con el coraz\u00f3n roto o lleno de esperanza, con los que bail\u00e9 sin parar toda la noche en La Rosa, con quienes compart\u00ed largas cartas y lecturas, idas al campo, viajes, rega\u00f1os y risas, con quienes aprend\u00ed a hacer galletas o simplemente a disfrutar el hacer nada, viendo pasar las auras por las tardes.<\/p>\n\n\n\n<p>Eso ha sido pertenecer a una familia que no dej\u00f3 de festejar junta cada cumplea\u00f1os, posada, navidad y a\u00f1o nuevo; hasta que la cantidad de gente fue tal que ya no se pudo.&nbsp;<\/p>\n\n\n\n<p>Ahora nos toca despedirnos por la muerte. De lejos, sin abrazos, pero con recuerdos compartidos.<\/p>\n","protected":false},"excerpt":{"rendered":"<p>Vengo de una familia de esas que se les llama&nbsp;mu\u00e9gano, por aquello de la uni\u00f3n. Y eso ha tenido cosas buenas y malas. Lo peor es que la privacidad se &hellip; <a href=\"https:\/\/lavereda.com.mx\/index.php\/2020\/11\/16\/los-riesgos-del-ocio-7\/\" class=\"more-link\">Leer m\u00e1s<\/a><\/p>\n","protected":false},"author":11,"featured_media":947,"comment_status":"open","ping_status":"open","sticky":false,"template":"","format":"standard","meta":{"footnotes":""},"categories":[18,9],"tags":[],"class_list":["post-946","post","type-post","status-publish","format-standard","has-post-thumbnail","hentry","category-lomasrelevante","category-opinion","entry"],"_links":{"self":[{"href":"https:\/\/lavereda.com.mx\/index.php\/wp-json\/wp\/v2\/posts\/946","targetHints":{"allow":["GET"]}}],"collection":[{"href":"https:\/\/lavereda.com.mx\/index.php\/wp-json\/wp\/v2\/posts"}],"about":[{"href":"https:\/\/lavereda.com.mx\/index.php\/wp-json\/wp\/v2\/types\/post"}],"author":[{"embeddable":true,"href":"https:\/\/lavereda.com.mx\/index.php\/wp-json\/wp\/v2\/users\/11"}],"replies":[{"embeddable":true,"href":"https:\/\/lavereda.com.mx\/index.php\/wp-json\/wp\/v2\/comments?post=946"}],"version-history":[{"count":1,"href":"https:\/\/lavereda.com.mx\/index.php\/wp-json\/wp\/v2\/posts\/946\/revisions"}],"predecessor-version":[{"id":948,"href":"https:\/\/lavereda.com.mx\/index.php\/wp-json\/wp\/v2\/posts\/946\/revisions\/948"}],"wp:featuredmedia":[{"embeddable":true,"href":"https:\/\/lavereda.com.mx\/index.php\/wp-json\/wp\/v2\/media\/947"}],"wp:attachment":[{"href":"https:\/\/lavereda.com.mx\/index.php\/wp-json\/wp\/v2\/media?parent=946"}],"wp:term":[{"taxonomy":"category","embeddable":true,"href":"https:\/\/lavereda.com.mx\/index.php\/wp-json\/wp\/v2\/categories?post=946"},{"taxonomy":"post_tag","embeddable":true,"href":"https:\/\/lavereda.com.mx\/index.php\/wp-json\/wp\/v2\/tags?post=946"}],"curies":[{"name":"wp","href":"https:\/\/api.w.org\/{rel}","templated":true}]}}