{"id":940,"date":"2020-11-16T17:27:44","date_gmt":"2020-11-16T17:27:44","guid":{"rendered":"http:\/\/lavereda.com.mx\/?p=940"},"modified":"2020-11-16T17:27:46","modified_gmt":"2020-11-16T17:27:46","slug":"una-novela-de-terror-nuestra-parte-de-noche","status":"publish","type":"post","link":"https:\/\/lavereda.com.mx\/index.php\/2020\/11\/16\/una-novela-de-terror-nuestra-parte-de-noche\/","title":{"rendered":"Una novela de terror: Nuestra parte de noche"},"content":{"rendered":"\n<p><strong><em>RESE\u00d1A<\/em><\/strong><\/p>\n\n\n\n<p>Inici\u00e9 la lectura de esta novela de terror con cierta reserva. Yo no leo este tipo de literatura; me parece sensacionalista, demasiado comercial. Pero me sent\u00eda obligado porque la hab\u00edamos elegido para este ciclo del club de lectores al que asisto ya por varios a\u00f1os. Tras leer la contraportada mi perjuicio se hizo a\u00fan m\u00e1s fuerte; hab\u00eda palabras que me son refractarias: m\u00e9dium, sociedad secreta, la Oscuridad, la Orden (as\u00ed, con may\u00fascula las dos), rituales m\u00e1gicos. Y, sin embargo, he de confesar que esta novela es una maravilla. Me atrap\u00f3 desde el primer cap\u00edtulo. Est\u00e1 escrita con un estilo simple y directo, totalmente desprovisto de florituras po\u00e9ticas, met\u00e1foras y dem\u00e1s construcciones literarias. El secreto est\u00e1 en el manejo de la tensi\u00f3n dram\u00e1tica que Mariana Enriquez maneja con soltura y maestr\u00eda.\u00a0<\/p>\n\n\n\n<p>El primer cap\u00edtulo es perfecto. En unas cuantas p\u00e1ginas nos presenta al personaje principal, lo dibuja sin describirlo. Un padre y su hijo hu\u00e9rfano salen de viaje por carretera rumbo al norte de Argentina. El hombre est\u00e1 enfermo, el hijo es a\u00fan un ni\u00f1o que sufre por la reciente muerte de su madre. No saben como lidiar uno con el otro; son como cualquiera que se encuentre en tal situaci\u00f3n. Est\u00e1n molestos. El padre se siente impotente para ayudar al peque\u00f1o con el duelo y dice algo gracioso para romper el hielo. Le pide despu\u00e9s que le cuente lo que ley\u00f3 la noche anterior. El ni\u00f1o dice que le dio miedo y se refiere a la leyenda de Anah\u00ed, una jovencita que fue quemada viva y al d\u00eda siguiente hab\u00eda un \u00e1rbol lleno de flores rojas en el lugar. \u00bfAhora queman a las brujas tambi\u00e9n? Pregunta el ni\u00f1o. \u00bfQu\u00e9 clase de padre le dar\u00eda a leer algo as\u00ed a un ni\u00f1o peque\u00f1o?<\/p>\n\n\n\n<p>M\u00e1s tarde paran a desayunaren una fonda del camino y la curiosidad de la mesera reaviva el duelo del ni\u00f1o al preguntar por su madre. El lector descubre entonces que hay una conexi\u00f3n inexplicable entre padre e hijo, algo extra\u00f1o y misterioso.&nbsp;<\/p>\n\n\n\n<blockquote class=\"wp-block-quote is-layout-flow wp-block-quote-is-layout-flow\"><p><em>Juan sinti\u00f3 el dolor del chico en todo el cuerpo. Era primitivo y sin palabras; era crudo y vertiginoso. Tuvo que aferrarse de la mesa y hacer un esfuerzo para desprenderse de su hijo y de ese dolor.<\/em><\/p><\/blockquote>\n\n\n\n<p>&nbsp;La mujer trata de disculparse ante el padre que ha reaccionado con enojo, casi con furia. Ha sido grosero y brusco al decirle que la madre del chico est\u00e1 muerta. Y, de golpe, el lector sabe que est\u00e1 frente a una novela de terror.<\/p>\n\n\n\n<blockquote class=\"wp-block-quote is-layout-flow wp-block-quote-is-layout-flow\"><p><em>Cuando ella extendi\u00f3 la mano para recibir el dinero, \u00e9l le tom\u00f3 la mu\u00f1eca. Pens\u00f3 en enviarle un s\u00edmbolo que la enloqueciera, que le metiese en la cabeza la idea de arrancarle la piel de los pies a su nieto o hacer un estofado con su perro. Se contuvo.<\/em>\u00a0\u00a0\u00a0<\/p><\/blockquote>\n\n\n\n<p>&nbsp;&nbsp;&nbsp;&nbsp;&nbsp;&nbsp;&nbsp;&nbsp;&nbsp;&nbsp;&nbsp;&nbsp;Mariana ha afirmado que los primeros textos de terror que ley\u00f3 fueron testimonios period\u00edsticos de torturadores durante la dictadura. Era tan peque\u00f1a que no entend\u00eda lo que significaba la palabra torturar. Ley\u00f3 aquello, dice, como si fuera fantas\u00eda, cuando era realidad. La novela transcurre sobre un sustrato hist\u00f3rico real y tangible. Los lugares, el ambiente y las huellas de la dictadura est\u00e1n presentes a lo largo del relato, le dan verosimilitud al terror. Da la impresi\u00f3n de que se ve obligada a lidiar con \u00e9l elaborando esta ficci\u00f3n fant\u00e1stica.&nbsp;<\/p>\n\n\n\n<p>Los protagonistas ven fantasmas que rondan el lugar en que murieron insistiendo en contar su historia, las circunstancias de su muerte, exigiendo justicia para descansar en paz. En Argentina se conoce como casas de espantos a los lugares en que se recluy\u00f3 y tortur\u00f3 gente durante la dictadura y en la novela son puertas que comunican a mundos extra\u00f1os y fant\u00e1sticos, plet\u00f3ricos de terror.&nbsp;<\/p>\n\n\n\n<p>&nbsp;&nbsp;&nbsp;&nbsp;&nbsp;&nbsp;&nbsp;&nbsp;&nbsp;&nbsp;&nbsp;&nbsp;La novela est\u00e1 estructurada en seis partes que podr\u00edan ser relatos independientes y que la autora usa para dar los antecedentes, atar los cabos sueltos que fue dejando y que estimulan la curiosidad del lector, dosificando la informaci\u00f3n.&nbsp;&nbsp;<\/p>\n\n\n\n<p>&nbsp;&nbsp;&nbsp;&nbsp;&nbsp;&nbsp;&nbsp;&nbsp;&nbsp;&nbsp;&nbsp;&nbsp;En diciembre del 2019 gan\u00f3 el 37\u00ba Premio Herralde de novela. No la lea de noche.&nbsp;<\/p>\n\n\n\n<p><em>Nuestra parte de noche. Mariana Enriquez. Anagrama. Noviembre 2019.<\/em><\/p>\n","protected":false},"excerpt":{"rendered":"<p>RESE\u00d1A Inici\u00e9 la lectura de esta novela de terror con cierta reserva. Yo no leo este tipo de literatura; me parece sensacionalista, demasiado comercial. Pero me sent\u00eda obligado porque la &hellip; <a href=\"https:\/\/lavereda.com.mx\/index.php\/2020\/11\/16\/una-novela-de-terror-nuestra-parte-de-noche\/\" class=\"more-link\">Leer m\u00e1s<\/a><\/p>\n","protected":false},"author":4,"featured_media":941,"comment_status":"open","ping_status":"open","sticky":false,"template":"","format":"standard","meta":{"footnotes":""},"categories":[5,18],"tags":[],"class_list":["post-940","post","type-post","status-publish","format-standard","has-post-thumbnail","hentry","category-letras-y-libros","category-lomasrelevante","entry"],"_links":{"self":[{"href":"https:\/\/lavereda.com.mx\/index.php\/wp-json\/wp\/v2\/posts\/940","targetHints":{"allow":["GET"]}}],"collection":[{"href":"https:\/\/lavereda.com.mx\/index.php\/wp-json\/wp\/v2\/posts"}],"about":[{"href":"https:\/\/lavereda.com.mx\/index.php\/wp-json\/wp\/v2\/types\/post"}],"author":[{"embeddable":true,"href":"https:\/\/lavereda.com.mx\/index.php\/wp-json\/wp\/v2\/users\/4"}],"replies":[{"embeddable":true,"href":"https:\/\/lavereda.com.mx\/index.php\/wp-json\/wp\/v2\/comments?post=940"}],"version-history":[{"count":1,"href":"https:\/\/lavereda.com.mx\/index.php\/wp-json\/wp\/v2\/posts\/940\/revisions"}],"predecessor-version":[{"id":942,"href":"https:\/\/lavereda.com.mx\/index.php\/wp-json\/wp\/v2\/posts\/940\/revisions\/942"}],"wp:featuredmedia":[{"embeddable":true,"href":"https:\/\/lavereda.com.mx\/index.php\/wp-json\/wp\/v2\/media\/941"}],"wp:attachment":[{"href":"https:\/\/lavereda.com.mx\/index.php\/wp-json\/wp\/v2\/media?parent=940"}],"wp:term":[{"taxonomy":"category","embeddable":true,"href":"https:\/\/lavereda.com.mx\/index.php\/wp-json\/wp\/v2\/categories?post=940"},{"taxonomy":"post_tag","embeddable":true,"href":"https:\/\/lavereda.com.mx\/index.php\/wp-json\/wp\/v2\/tags?post=940"}],"curies":[{"name":"wp","href":"https:\/\/api.w.org\/{rel}","templated":true}]}}