{"id":918,"date":"2020-11-10T23:52:53","date_gmt":"2020-11-10T23:52:53","guid":{"rendered":"http:\/\/lavereda.com.mx\/?p=918"},"modified":"2020-11-10T23:52:54","modified_gmt":"2020-11-10T23:52:54","slug":"reabre-sus-puertas-el-museo-nacional-de-antropologia","status":"publish","type":"post","link":"https:\/\/lavereda.com.mx\/index.php\/2020\/11\/10\/reabre-sus-puertas-el-museo-nacional-de-antropologia\/","title":{"rendered":"Reabre sus puertas el Museo Nacional de Antropolog\u00eda"},"content":{"rendered":"\n<p>Ciudad de M\u00e9xico.- El Museo Nacional de Antropolog\u00eda se encuentra listo para reabrir sus puertas al p\u00fablico bajo la nueva normalidad,\u00a0<strong>a partir del mi\u00e9rcoles 11 de noviembre de 2020; el ingreso ser\u00e1 de martes a s\u00e1bado, en horario de 10:00 a 17:00 horas.<\/strong><\/p>\n\n\n\n<blockquote class=\"wp-block-quote is-layout-flow wp-block-quote-is-layout-flow\"><p>\u201cSin duda, es una de las reaperturas m\u00e1s esperadas; es motivo de esperanza y de alegr\u00eda que este recinto, que es uno de los m\u00e1s emblem\u00e1ticos y visitados del pa\u00eds, reabra sus puertas para que el p\u00fablico mexicano y extranjero tenga de nueva cuenta la oportunidad de acercarse a toda la riqueza que encierran las culturas de nuestro pa\u00eds\u201d, se\u00f1al\u00f3 la secretaria de Cultura del Gobierno de M\u00e9xico, Alejandra Frausto Guerrero.\u00a0<\/p><\/blockquote>\n\n\n\n<p>Por su parte, el director general del Instituto Nacional de Antropolog\u00eda e Historia (INAH), Diego Prieto Hern\u00e1ndez, reiter\u00f3 que en estos meses de contingencia sanitaria, <\/p>\n\n\n\n<blockquote class=\"wp-block-quote is-layout-flow wp-block-quote-is-layout-flow\"><p>\u201cel museo ha trabajado atendiendo sus actividades esenciales, ineludibles e indispensables, como el cuidado de sus colecciones y el mantenimiento de sus instalaciones. Un ejemplo es el gran trabajo que se ha hecho en el estanque del patio principal, donde se redise\u00f1\u00f3 la iluminaci\u00f3n, se implant\u00f3 flora de humedales y un ajolotario\u201d.<\/p><\/blockquote>\n\n\n\n<p>Bajo horarios especiales y las estrictas medidas que marca la nueva normalidad, la Secretar\u00eda de Cultura del Gobierno de M\u00e9xico, a trav\u00e9s del INAH, reanuda las visitas de p\u00fablico en este emblem\u00e1tico espacio de insoslayable valor para los mexicanos y el m\u00e1s visitado del pa\u00eds por p\u00fablico extranjero, como una forma de contribuir a que la sociedad se reencuentre con su patrimonio cultural.<\/p>\n\n\n\n<p>A fin de garantizar la seguridad y el bienestar de su personal operativo y de los visitantes, para el acceso al Museo Nacional de Antropolog\u00eda se seguir\u00e1n las medidas preventivas de car\u00e1cter obligatorio: aplicaci\u00f3n de alcohol gel y toma de temperatura, as\u00ed como el uso de tapete desinfectante.<\/p>\n\n\n\n<p>En el acceso y durante el recorrido, el uso del cubrebocas ser\u00e1 obligatorio; en caso de que alguna persona presente s\u00edntomas relacionados con la COVID- 19 se canalizar\u00e1 debidamente a los servicios m\u00e9dicos.<\/p>\n\n\n\n<p>En una primera fase de apertura, el n\u00famero de visitantes permitido corresponder\u00e1 al 30 por ciento del aforo promedio diario, es decir, un m\u00e1ximo de 1,500 personas por d\u00eda. Se ha estipulado la cantidad de personas que podr\u00e1 acceder a cada sala conforme las dimensiones de \u00e9stas. Para regular el flujo de los visitantes se ha capacitado al personal de custodia.<\/p>\n\n\n\n<p>Las visitas guiadas s\u00f3lo permitir\u00e1n grupos de m\u00e1ximo cinco personas, incluido el gu\u00eda. La cafeter\u00eda operar\u00e1 al 30 por ciento de su aforo.<\/p>\n","protected":false},"excerpt":{"rendered":"<p>Ciudad de M\u00e9xico.- El Museo Nacional de Antropolog\u00eda se encuentra listo para reabrir sus puertas al p\u00fablico bajo la nueva normalidad,\u00a0a partir del mi\u00e9rcoles 11 de noviembre de 2020; el &hellip; <a href=\"https:\/\/lavereda.com.mx\/index.php\/2020\/11\/10\/reabre-sus-puertas-el-museo-nacional-de-antropologia\/\" class=\"more-link\">Leer m\u00e1s<\/a><\/p>\n","protected":false},"author":1,"featured_media":919,"comment_status":"open","ping_status":"open","sticky":false,"template":"","format":"standard","meta":{"footnotes":""},"categories":[3,18],"tags":[],"class_list":["post-918","post","type-post","status-publish","format-standard","has-post-thumbnail","hentry","category-artes-visuales","category-lomasrelevante","entry"],"_links":{"self":[{"href":"https:\/\/lavereda.com.mx\/index.php\/wp-json\/wp\/v2\/posts\/918","targetHints":{"allow":["GET"]}}],"collection":[{"href":"https:\/\/lavereda.com.mx\/index.php\/wp-json\/wp\/v2\/posts"}],"about":[{"href":"https:\/\/lavereda.com.mx\/index.php\/wp-json\/wp\/v2\/types\/post"}],"author":[{"embeddable":true,"href":"https:\/\/lavereda.com.mx\/index.php\/wp-json\/wp\/v2\/users\/1"}],"replies":[{"embeddable":true,"href":"https:\/\/lavereda.com.mx\/index.php\/wp-json\/wp\/v2\/comments?post=918"}],"version-history":[{"count":1,"href":"https:\/\/lavereda.com.mx\/index.php\/wp-json\/wp\/v2\/posts\/918\/revisions"}],"predecessor-version":[{"id":920,"href":"https:\/\/lavereda.com.mx\/index.php\/wp-json\/wp\/v2\/posts\/918\/revisions\/920"}],"wp:featuredmedia":[{"embeddable":true,"href":"https:\/\/lavereda.com.mx\/index.php\/wp-json\/wp\/v2\/media\/919"}],"wp:attachment":[{"href":"https:\/\/lavereda.com.mx\/index.php\/wp-json\/wp\/v2\/media?parent=918"}],"wp:term":[{"taxonomy":"category","embeddable":true,"href":"https:\/\/lavereda.com.mx\/index.php\/wp-json\/wp\/v2\/categories?post=918"},{"taxonomy":"post_tag","embeddable":true,"href":"https:\/\/lavereda.com.mx\/index.php\/wp-json\/wp\/v2\/tags?post=918"}],"curies":[{"name":"wp","href":"https:\/\/api.w.org\/{rel}","templated":true}]}}