{"id":915,"date":"2020-11-10T23:43:03","date_gmt":"2020-11-10T23:43:03","guid":{"rendered":"http:\/\/lavereda.com.mx\/?p=915"},"modified":"2020-11-10T23:43:05","modified_gmt":"2020-11-10T23:43:05","slug":"presentan-exposicion-fotografica-sobre-desnudos-en-la-ua-de-c","status":"publish","type":"post","link":"https:\/\/lavereda.com.mx\/index.php\/2020\/11\/10\/presentan-exposicion-fotografica-sobre-desnudos-en-la-ua-de-c\/","title":{"rendered":"Presentan exposici\u00f3n fotogr\u00e1fica sobre desnudos en la UA de C"},"content":{"rendered":"\n<ul class=\"wp-block-list\"><li><strong>La inauguraci\u00f3n es el jueves 19 de noviembre a las 12:00<\/strong><\/li><\/ul>\n\n\n\n<p>\u201c<em>Todos estamos desnudos<\/em>\u201d es el t\u00edtulo de la exposici\u00f3n fotogr\u00e1fica que se presentar\u00e1 en la Galer\u00eda de Arte del Departamento de Difusi\u00f3n Cultural de la Universidad Aut\u00f3noma de Coahuila Unidad Torre\u00f3n, de la autor\u00eda de Man\u00fa Fassar, joven artista torreonense.<\/p>\n\n\n\n<p>\u201cCon una calidad est\u00e9tica en la tem\u00e1tica que aborda, un dominio t\u00e9cnico del uso y utilizaci\u00f3n de la c\u00e1mara fotogr\u00e1fica, Man\u00fa nos regala un conjunto de 84 im\u00e1genes de desnudos masculinos, todas en blanco y negro, en las que el p\u00fablico podr\u00e1 apreciar y valorar su obra\u201d, se explica en el comunicado de prensa.<\/p>\n\n\n\n<p>El propio fot\u00f3grafo lagunero se\u00f1ala que, en realidad, todos estamos desnudos, que vivimos, como seres humanos, en este caso el hombre, \u201ccomo un retrato en un viaje lleno de incertidumbre, complejo y ambiguo; que se&nbsp;construye de un intercambio entre la mirada del artista, el retratado y el espectador\u201d.<\/p>\n\n\n\n<blockquote class=\"wp-block-quote is-layout-flow wp-block-quote-is-layout-flow\"><p>\u201cPor el contenido de esta exposici\u00f3n, la UAdeC reitera su compromiso no \u00fanicamente con el arte, sino con la libertad de expresi\u00f3n, vital en la libre creaci\u00f3n humana, y en cuyo margen caben diferentes emociones y conclusiones\u201d, se informa en el comunicado.<\/p><\/blockquote>\n\n\n\n<p>\u201cSi bien puede ser er\u00f3tico, nunca es obsceno; si se trata de un desnudo es para permanecer fuera del tiempo\u201d, se\u00f1ala Oph\u00e9lie Ferlier.<\/p>\n\n\n\n<p>La exposici\u00f3n se inaugurar\u00e1 el jueves 19 de noviembre a las 12:00 por la Coordinadora de la UAdeC Unidad Torre\u00f3n, Sandra L\u00f3pez Chavarr\u00eda. El p\u00fablico podr\u00e1 conocerla de manera virtual a trav\u00e9s de las redes sociales de la instituci\u00f3n.<\/p>\n","protected":false},"excerpt":{"rendered":"<p>La inauguraci\u00f3n es el jueves 19 de noviembre a las 12:00 \u201cTodos estamos desnudos\u201d es el t\u00edtulo de la exposici\u00f3n fotogr\u00e1fica que se presentar\u00e1 en la Galer\u00eda de Arte del &hellip; <a href=\"https:\/\/lavereda.com.mx\/index.php\/2020\/11\/10\/presentan-exposicion-fotografica-sobre-desnudos-en-la-ua-de-c\/\" class=\"more-link\">Leer m\u00e1s<\/a><\/p>\n","protected":false},"author":1,"featured_media":916,"comment_status":"open","ping_status":"open","sticky":false,"template":"","format":"standard","meta":{"footnotes":""},"categories":[3,18],"tags":[],"class_list":["post-915","post","type-post","status-publish","format-standard","has-post-thumbnail","hentry","category-artes-visuales","category-lomasrelevante","entry"],"_links":{"self":[{"href":"https:\/\/lavereda.com.mx\/index.php\/wp-json\/wp\/v2\/posts\/915","targetHints":{"allow":["GET"]}}],"collection":[{"href":"https:\/\/lavereda.com.mx\/index.php\/wp-json\/wp\/v2\/posts"}],"about":[{"href":"https:\/\/lavereda.com.mx\/index.php\/wp-json\/wp\/v2\/types\/post"}],"author":[{"embeddable":true,"href":"https:\/\/lavereda.com.mx\/index.php\/wp-json\/wp\/v2\/users\/1"}],"replies":[{"embeddable":true,"href":"https:\/\/lavereda.com.mx\/index.php\/wp-json\/wp\/v2\/comments?post=915"}],"version-history":[{"count":1,"href":"https:\/\/lavereda.com.mx\/index.php\/wp-json\/wp\/v2\/posts\/915\/revisions"}],"predecessor-version":[{"id":917,"href":"https:\/\/lavereda.com.mx\/index.php\/wp-json\/wp\/v2\/posts\/915\/revisions\/917"}],"wp:featuredmedia":[{"embeddable":true,"href":"https:\/\/lavereda.com.mx\/index.php\/wp-json\/wp\/v2\/media\/916"}],"wp:attachment":[{"href":"https:\/\/lavereda.com.mx\/index.php\/wp-json\/wp\/v2\/media?parent=915"}],"wp:term":[{"taxonomy":"category","embeddable":true,"href":"https:\/\/lavereda.com.mx\/index.php\/wp-json\/wp\/v2\/categories?post=915"},{"taxonomy":"post_tag","embeddable":true,"href":"https:\/\/lavereda.com.mx\/index.php\/wp-json\/wp\/v2\/tags?post=915"}],"curies":[{"name":"wp","href":"https:\/\/api.w.org\/{rel}","templated":true}]}}