{"id":908,"date":"2020-11-09T18:05:45","date_gmt":"2020-11-09T18:05:45","guid":{"rendered":"http:\/\/lavereda.com.mx\/?p=908"},"modified":"2020-11-09T18:17:27","modified_gmt":"2020-11-09T18:17:27","slug":"continua-acuso-de-plagio-a-disenadora-francesa-isabel-marant","status":"publish","type":"post","link":"https:\/\/lavereda.com.mx\/index.php\/2020\/11\/09\/continua-acuso-de-plagio-a-disenadora-francesa-isabel-marant\/","title":{"rendered":"Contin\u00faa acuso de plagio a dise\u00f1adora francesa Isabel Marant"},"content":{"rendered":"\n<ul class=\"wp-block-list\"><li><strong>Fonart reprueba el uso sin derechos de dise\u00f1os con elementos de comunidades ind\u00edgenas mexicanas<\/strong><\/li><\/ul>\n\n\n\n<p>El Fondo Nacional para el Fomento de las Artesan\u00edas (Fonart), en conjunto con las Casas e Institutos de Artesan\u00edas del pa\u00eds, se suma al pronunciamiento de la secretaria de Cultura del Gobierno de M\u00e9xico, Alejandra Frausto Guerrero, y reprueba contundentemente el plagio, atribuible a la dise\u00f1adora francesa Isabel Marant, patente en&nbsp;los dise\u00f1os de su colecci\u00f3n ETOILE OTO\u00d1O-INVIERNO 2020-21.&nbsp;<\/p>\n\n\n\n<p>Adem\u00e1s del \u201cgabin\u201d, identificado con el n\u00famero 8 dentro de su colecci\u00f3n&nbsp;<em>\u00c9toile Fall-Winter 2020<\/em>,cuyo dise\u00f1o e iconograf\u00edas corresponden a las poblaciones pur\u00e9pechas de Charapan, San Francisco Pich\u00e1taro, Angahuan, Santa Clara del Cobre y Nahuatzen, en el estado Michoac\u00e1n de Ocampo, en la colecci\u00f3n de la dise\u00f1adora existen diversas prendas que usan elementos culturales de pueblos originarios de M\u00e9xico.&nbsp;&nbsp;<\/p>\n\n\n\n<blockquote class=\"wp-block-quote is-layout-flow wp-block-quote-is-layout-flow\"><p>La carta de la secretaria Frausto Guerrero enviada a la dise\u00f1adora francesa explica que, adem\u00e1s de usar elementos de la cultura e identidad de las comunidades pur\u00e9pechas de Michoac\u00e1n, tambi\u00e9n retoma de las pertenecientes a San Miguel Chiconcuac y Gualupita en el Estado de M\u00e9xico; San Bernardino Contla en Tlaxcala; la ciudad de San Luis Potos\u00ed, y Teotitl\u00e1n del Valle en Oaxaca, entre otras.&nbsp;&nbsp;<\/p><\/blockquote>\n\n\n\n<p>Artesanas y artesanos de estas comunidades trabajan desde hace cientos de a\u00f1os en la confecci\u00f3n de gabanes de lana obtenida de ovejas que son criadas por ellos mismos, te\u00f1idas con los tintes naturales disponibles en su localidad y posteriormente, tejidas en la t\u00e9cnica del telar de pedal o colonial en el que plasman diferentes elementos como grecas y figuras zoomorfas que representan elementos naturales como las monta\u00f1as, los r\u00edos o la flora y fauna de sus comunidades.&nbsp;<\/p>\n\n\n\n<p>Cabe se\u00f1alar que en 2015, Isabel Marant comercializ\u00f3 tambi\u00e9n una colecci\u00f3n de ropa que replicaba el dise\u00f1o de prendas tradicionales confeccionadas por artesanas mexicanas, en esa ocasi\u00f3n, mixes de Santa Mar\u00eda Tlahuitoltepec, Oaxaca.&nbsp;<\/p>\n\n\n\n<p>En todo momento, el Fonart y las Casas e Institutos de Artesan\u00edas del pa\u00eds se han sumado a la iniciativa de la Secretar\u00eda de Cultura para proteger y defender las expresiones culturales de los pueblos originarios de M\u00e9xico y reitera que el uso de elementos de la cultura e identidad de comunidades mexicanas por parte de firmas nacionales e internacionales obliga a hacer un llamado de atenci\u00f3n para promover la inclusi\u00f3n y hacer visibles a los invisibles, como lo ha manifestado contundentemente la secretaria Alejandra Frausto Guerrero.&nbsp;<\/p>\n","protected":false},"excerpt":{"rendered":"<p>Fonart reprueba el uso sin derechos de dise\u00f1os con elementos de comunidades ind\u00edgenas mexicanas El Fondo Nacional para el Fomento de las Artesan\u00edas (Fonart), en conjunto con las Casas e &hellip; <a href=\"https:\/\/lavereda.com.mx\/index.php\/2020\/11\/09\/continua-acuso-de-plagio-a-disenadora-francesa-isabel-marant\/\" class=\"more-link\">Leer m\u00e1s<\/a><\/p>\n","protected":false},"author":1,"featured_media":909,"comment_status":"open","ping_status":"open","sticky":false,"template":"","format":"standard","meta":{"footnotes":""},"categories":[18,8],"tags":[],"class_list":["post-908","post","type-post","status-publish","format-standard","has-post-thumbnail","hentry","category-lomasrelevante","category-sociedad","entry"],"_links":{"self":[{"href":"https:\/\/lavereda.com.mx\/index.php\/wp-json\/wp\/v2\/posts\/908","targetHints":{"allow":["GET"]}}],"collection":[{"href":"https:\/\/lavereda.com.mx\/index.php\/wp-json\/wp\/v2\/posts"}],"about":[{"href":"https:\/\/lavereda.com.mx\/index.php\/wp-json\/wp\/v2\/types\/post"}],"author":[{"embeddable":true,"href":"https:\/\/lavereda.com.mx\/index.php\/wp-json\/wp\/v2\/users\/1"}],"replies":[{"embeddable":true,"href":"https:\/\/lavereda.com.mx\/index.php\/wp-json\/wp\/v2\/comments?post=908"}],"version-history":[{"count":4,"href":"https:\/\/lavereda.com.mx\/index.php\/wp-json\/wp\/v2\/posts\/908\/revisions"}],"predecessor-version":[{"id":913,"href":"https:\/\/lavereda.com.mx\/index.php\/wp-json\/wp\/v2\/posts\/908\/revisions\/913"}],"wp:featuredmedia":[{"embeddable":true,"href":"https:\/\/lavereda.com.mx\/index.php\/wp-json\/wp\/v2\/media\/909"}],"wp:attachment":[{"href":"https:\/\/lavereda.com.mx\/index.php\/wp-json\/wp\/v2\/media?parent=908"}],"wp:term":[{"taxonomy":"category","embeddable":true,"href":"https:\/\/lavereda.com.mx\/index.php\/wp-json\/wp\/v2\/categories?post=908"},{"taxonomy":"post_tag","embeddable":true,"href":"https:\/\/lavereda.com.mx\/index.php\/wp-json\/wp\/v2\/tags?post=908"}],"curies":[{"name":"wp","href":"https:\/\/api.w.org\/{rel}","templated":true}]}}