{"id":898,"date":"2020-11-08T02:09:38","date_gmt":"2020-11-08T02:09:38","guid":{"rendered":"http:\/\/lavereda.com.mx\/?p=898"},"modified":"2020-11-08T03:35:12","modified_gmt":"2020-11-08T03:35:12","slug":"conoce-a-los-ganadores-del-concurso-de-pintura-sobre-derechos-humanos","status":"publish","type":"post","link":"https:\/\/lavereda.com.mx\/index.php\/2020\/11\/08\/conoce-a-los-ganadores-del-concurso-de-pintura-sobre-derechos-humanos\/","title":{"rendered":"Conoce a los ganadores del Concurso de pintura sobre Derechos Humanos"},"content":{"rendered":"\n<ul class=\"wp-block-list\"><li><strong>Las obras ganadoras formar\u00e1n parte del acervo de la Academia Interamericana de Derechos Humanos. <\/strong><\/li><li><strong>Entre las piezas ganadoras y seleccionadas, se encuentra en primer lugar la de Esther El\u00edzabeth Dom\u00ednguez Zarzar, en tercer lugar Juan Caros Monreal y como seleccionada la de Laura Vel\u00e1zquez Reyes y de Erik Iv\u00e1n del Castillo, todos laguneros. <\/strong><\/li><\/ul>\n\n\n\n<p>La Secretar\u00eda de Cultura de Coahuila dio a conocer este fin de semana a las y los ganadores del Concurso Estatal de Pintura sobre Derechos Humanos, que se lleva a cabo en colaboraci\u00f3n con la Academia Interamericana de Derechos Humanos, en el marco de los festejos por el Quinto Aniversario de su fundaci\u00f3n.<\/p>\n\n\n\n<p>La titular, Ana Sof\u00eda Garc\u00eda Camil, explic\u00f3 que para deliberar sobre las piezas participantes, el jurado conformado por los artistas visuales Emilio Said Charruff, Yolanda Mora P\u00e9rez Tejada y Sa\u00fal Villa Walls, as\u00ed como los especialistas en derechos humanos Rodrigo Santiago Ju\u00e1rez y Gisela Garc\u00eda Garza, se reunieron a trav\u00e9s de una conferencia por videollamada, organizada desde el Museo de Artes Gr\u00e1ficas.<\/p>\n\n\n\n<blockquote class=\"wp-block-quote is-layout-flow wp-block-quote-is-layout-flow\"><p>\u201cEl jurado examin\u00f3 26 piezas y de acuerdo con la deliberaci\u00f3n, los premios se otorgaron de la siguiente manera: El tercer lugar&nbsp; (10 mil pesos) fue para Juan Carlos Monreal Beltr\u00e1n, por su obra \u2018La Fragilidad de la Esencia\u2019. El segundo lugar (15 mil pesos) fue para Jorge Omar Leza Garc\u00eda, por su obra \u2018Cosmovisi\u00f3n de una Pandemia: \u00bfYa Estamos Protegidos?\u2019; y el primer lugar (25 mil pesos) fue para Esther El\u00edzabeth Dom\u00ednguez Zarzar, por su obra \u2018Ausencia\u2019\u201d, detall\u00f3.<\/p><\/blockquote>\n\n\n\n<p>Cabe recordar que las obras ganadoras formar\u00e1n parte del acervo de la Academia Interamericana de Derechos Humanos y que las piezas de los ganadores, menciones honor\u00edficas y seleccionadas formar\u00e1n parte de una exposici\u00f3n colectiva en la Galer\u00eda de la misma Academia.<\/p>\n\n\n\n<p>Garc\u00eda Camil a\u00f1adi\u00f3 que las menciones honor\u00edficas son: Natalia Alejandrina Blanco Castro, por su obra \u201cManifestaci\u00f3n por el Amor Libre\u201d, y Esther Elizabeth Dom\u00ednguez Zarzar, por su obra \u201cEsperanza\u201d.<\/p>\n\n\n\n<p>Mientras que los participantes seleccionados son: Diana Mart\u00ednez Feregrino, por su obra \u201cTe estamos buscando\u201d; Dulce Camila Patoni Rodr\u00edguez, por su obra \u201cMonumenta\u201d; Eduardo Mart\u00ednez Reyes, por su obra \u201cDerecho, vida y libertad\u201d; Eleazar Montejano Zavala, por su obra \u201cIgualdad cuatro en uno\u201d; Erik Iv\u00e1n del Castillo Hern\u00e1ndez, por su obra \u201cValor y dignidad, \u00bfQu\u00e9 entiendes por familia?\u201d.<\/p>\n\n\n\n<blockquote class=\"wp-block-quote is-layout-flow wp-block-quote-is-layout-flow\"><p>Esther Elizabeth Dom\u00ednguez Zarzar, por su obra \u201cSilencio\u201d; Evelyn Trist\u00e1n Gallegos, por su obra \u201c\u00c1gora Proclamados\u201d; Laura Vel\u00e1zquez Reyes, por sus piezas \u201cAsistencia impresa de un carrete hist\u00f3rico\u201d y \u201cQue tu entorno no sea tu prisi\u00f3n\u201d; Luc\u00eda Monserrat Carri\u00f3n Gonz\u00e1lez, por su obra \u201cAmor de Madres\u201d; Luis Carlos Herrera Hern\u00e1ndez, por su obra \u201cCarlitos\u201d; Mar\u00eda Isabel Esquivel Moreno, por su obra \u201cArt. 3-5: Anhelo Eterno\u201d.<\/p><\/blockquote>\n\n\n\n<p>Mar\u00eda Teresa Villarreal Fuentes, por su obra \u201cRe-crea= vida\u201d; Mayra Wences Ch\u00e1vez, por su obra \u201cDignidad Intr\u00ednseca\u201d; Natalia Alejandrina Blanco Castro, por su obra \u201cFamilias\u201d; Oyuki Yusell Gonz\u00e1lez Mata, por su obra \u201cDerecho a la educaci\u00f3n\u201d; Sandra Ximena Dur\u00e1n Vald\u00e9s, por su obra \u201cInterseccionalidad\u201d; Silvia Andrea Montserrat P\u00e9rez Medina, por su obra \u201cShhh\u201d; e Isaac Rodr\u00edguez D\u00edaz, por su obra \u201cLibertad\u201d.<\/p>\n","protected":false},"excerpt":{"rendered":"<p>Las obras ganadoras formar\u00e1n parte del acervo de la Academia Interamericana de Derechos Humanos. Entre las piezas ganadoras y seleccionadas, se encuentra en primer lugar la de Esther El\u00edzabeth Dom\u00ednguez &hellip; <a href=\"https:\/\/lavereda.com.mx\/index.php\/2020\/11\/08\/conoce-a-los-ganadores-del-concurso-de-pintura-sobre-derechos-humanos\/\" class=\"more-link\">Leer m\u00e1s<\/a><\/p>\n","protected":false},"author":1,"featured_media":899,"comment_status":"open","ping_status":"open","sticky":false,"template":"","format":"standard","meta":{"footnotes":""},"categories":[3,18],"tags":[],"class_list":["post-898","post","type-post","status-publish","format-standard","has-post-thumbnail","hentry","category-artes-visuales","category-lomasrelevante","entry"],"_links":{"self":[{"href":"https:\/\/lavereda.com.mx\/index.php\/wp-json\/wp\/v2\/posts\/898","targetHints":{"allow":["GET"]}}],"collection":[{"href":"https:\/\/lavereda.com.mx\/index.php\/wp-json\/wp\/v2\/posts"}],"about":[{"href":"https:\/\/lavereda.com.mx\/index.php\/wp-json\/wp\/v2\/types\/post"}],"author":[{"embeddable":true,"href":"https:\/\/lavereda.com.mx\/index.php\/wp-json\/wp\/v2\/users\/1"}],"replies":[{"embeddable":true,"href":"https:\/\/lavereda.com.mx\/index.php\/wp-json\/wp\/v2\/comments?post=898"}],"version-history":[{"count":2,"href":"https:\/\/lavereda.com.mx\/index.php\/wp-json\/wp\/v2\/posts\/898\/revisions"}],"predecessor-version":[{"id":901,"href":"https:\/\/lavereda.com.mx\/index.php\/wp-json\/wp\/v2\/posts\/898\/revisions\/901"}],"wp:featuredmedia":[{"embeddable":true,"href":"https:\/\/lavereda.com.mx\/index.php\/wp-json\/wp\/v2\/media\/899"}],"wp:attachment":[{"href":"https:\/\/lavereda.com.mx\/index.php\/wp-json\/wp\/v2\/media?parent=898"}],"wp:term":[{"taxonomy":"category","embeddable":true,"href":"https:\/\/lavereda.com.mx\/index.php\/wp-json\/wp\/v2\/categories?post=898"},{"taxonomy":"post_tag","embeddable":true,"href":"https:\/\/lavereda.com.mx\/index.php\/wp-json\/wp\/v2\/tags?post=898"}],"curies":[{"name":"wp","href":"https:\/\/api.w.org\/{rel}","templated":true}]}}