{"id":891,"date":"2020-11-06T16:18:21","date_gmt":"2020-11-06T16:18:21","guid":{"rendered":"http:\/\/lavereda.com.mx\/?p=891"},"modified":"2020-11-06T16:18:23","modified_gmt":"2020-11-06T16:18:23","slug":"cine-tv-el-hombre-de-las-mil-caras","status":"publish","type":"post","link":"https:\/\/lavereda.com.mx\/index.php\/2020\/11\/06\/cine-tv-el-hombre-de-las-mil-caras\/","title":{"rendered":"Cine TV: El Hombre de las Mil Caras"},"content":{"rendered":"\n<p><strong>(El Hombre de las Mil Caras, 2016)<\/strong><\/p>\n\n\n\n<p>Todas las historias verdaderas tienen algo de mentira\u2026 como esta.<\/p>\n\n\n\n<p>As\u00ed inicia este apasionante thriller de espionaje internacional, que se basa en la vida de un hombre audaz que realmente existi\u00f3, y que enga\u00f1\u00f3 a todo el pa\u00eds para salvar su vida y embolsarse una suma millonaria que le estaf\u00f3 a un funcionario corrupto.<\/p>\n\n\n\n<p>El director Alberto Rodr\u00edguez se basa en el libro de Manuel Cerd\u00e1n, para recrear la incre\u00edble historia ubicada en Espa\u00f1a, en la que el ex agente secreto Francisco Paesa (Eduard Fern\u00e1ndez) es traicionado por el Gobierno de su pa\u00eds, que lo deja colgado sin darle el pago de una peligrosa transacci\u00f3n que hizo para echarle el guante a los peligrosos terroristas de ETA.<\/p>\n\n\n\n<p>Desilusionado por sus antiguos patrones, este esp\u00eda decide tomar revancha, urdiendo un complicad\u00edsimo plan para hacerse millonario, mientras exhibe la ineptitud de altos funcionarios que quieren verlo frito.<\/p>\n\n\n\n<p>Con el aderezo de una extraordinaria m\u00fasica electr\u00f3nica de Julio de la Rosa, esta historia seductora es contada por un testigo de primera mano, Jes\u00fas Camoes (Jos\u00e9 Coronado), el socio de Paesa, que sigui\u00f3 todas sus andanzas en el per\u00edodo en el que dio ese sonado golpe para enga\u00f1ar a todos, incluido a su c\u00edrculo m\u00e1s cercano de afectos.<\/p>\n\n\n\n<p>El Hombre de las Mil caras es una grat\u00edsima sorpresa del cine ib\u00e9rico.<\/p>\n\n\n\n<p>(PG-13. Orientaci\u00f3n de los padres a menores de 13 a\u00f1os)<\/p>\n\n\n\n<p>Netflix<\/p>\n\n\n\n<p>Twitter @LucianoCamposG<\/p>\n","protected":false},"excerpt":{"rendered":"<p>(El Hombre de las Mil Caras, 2016) Todas las historias verdaderas tienen algo de mentira\u2026 como esta. As\u00ed inicia este apasionante thriller de espionaje internacional, que se basa en la &hellip; <a href=\"https:\/\/lavereda.com.mx\/index.php\/2020\/11\/06\/cine-tv-el-hombre-de-las-mil-caras\/\" class=\"more-link\">Leer m\u00e1s<\/a><\/p>\n","protected":false},"author":3,"featured_media":892,"comment_status":"open","ping_status":"open","sticky":false,"template":"","format":"standard","meta":{"footnotes":""},"categories":[6,18],"tags":[],"class_list":["post-891","post","type-post","status-publish","format-standard","has-post-thumbnail","hentry","category-cinetv","category-lomasrelevante","entry"],"_links":{"self":[{"href":"https:\/\/lavereda.com.mx\/index.php\/wp-json\/wp\/v2\/posts\/891","targetHints":{"allow":["GET"]}}],"collection":[{"href":"https:\/\/lavereda.com.mx\/index.php\/wp-json\/wp\/v2\/posts"}],"about":[{"href":"https:\/\/lavereda.com.mx\/index.php\/wp-json\/wp\/v2\/types\/post"}],"author":[{"embeddable":true,"href":"https:\/\/lavereda.com.mx\/index.php\/wp-json\/wp\/v2\/users\/3"}],"replies":[{"embeddable":true,"href":"https:\/\/lavereda.com.mx\/index.php\/wp-json\/wp\/v2\/comments?post=891"}],"version-history":[{"count":1,"href":"https:\/\/lavereda.com.mx\/index.php\/wp-json\/wp\/v2\/posts\/891\/revisions"}],"predecessor-version":[{"id":893,"href":"https:\/\/lavereda.com.mx\/index.php\/wp-json\/wp\/v2\/posts\/891\/revisions\/893"}],"wp:featuredmedia":[{"embeddable":true,"href":"https:\/\/lavereda.com.mx\/index.php\/wp-json\/wp\/v2\/media\/892"}],"wp:attachment":[{"href":"https:\/\/lavereda.com.mx\/index.php\/wp-json\/wp\/v2\/media?parent=891"}],"wp:term":[{"taxonomy":"category","embeddable":true,"href":"https:\/\/lavereda.com.mx\/index.php\/wp-json\/wp\/v2\/categories?post=891"},{"taxonomy":"post_tag","embeddable":true,"href":"https:\/\/lavereda.com.mx\/index.php\/wp-json\/wp\/v2\/tags?post=891"}],"curies":[{"name":"wp","href":"https:\/\/api.w.org\/{rel}","templated":true}]}}