{"id":887,"date":"2020-11-05T19:48:18","date_gmt":"2020-11-05T19:48:18","guid":{"rendered":"http:\/\/lavereda.com.mx\/?p=887"},"modified":"2020-11-05T19:48:20","modified_gmt":"2020-11-05T19:48:20","slug":"la-fil-de-guadalajara-anuncia-su-programa-virtual","status":"publish","type":"post","link":"https:\/\/lavereda.com.mx\/index.php\/2020\/11\/05\/la-fil-de-guadalajara-anuncia-su-programa-virtual\/","title":{"rendered":"La FIL de Guadalajara anuncia su programa virtual"},"content":{"rendered":"\n<ul class=\"wp-block-list\"><li><strong>La edici\u00f3n especial en l\u00ednea de la Feria del 28 de noviembre al 6 de diciembre, contar\u00e1 con m\u00e1s de 300 actividades, tres premios Nobel y 300 autores de 38 pa\u00edses<\/strong><\/li><\/ul>\n\n\n\n<p>Con la participaci\u00f3n de tres premios Nobel, m\u00e1s de 300 escritores de 38 pa\u00edses, un amplio programa acad\u00e9mico, un Mercado de Libros y la plataforma FIL Negocios, para el encuentro entre profesionales de la industria, la Feria Internacional del Libro de Guadalajara present\u00f3 el programa general de su edici\u00f3n n\u00famero 34, que ser\u00e1 completamente virtual. <\/p>\n\n\n\n<p>Salman Rushdie, Sergio Ram\u00edrez, Javier Cercas, Almudena Grandes, Guillermo Arriaga, Etgar Keret, Arturo P\u00e9rez-Reverte, Joumana Haddad, Fernando Savater, Camilla L\u00e4ckberg, \u00c1ngeles Mastretta, Juan Villoro, Alberto Chimal, Xavier Velasco, J\u00f6el Dicker, Rosa Montero y Julieta Fierro, entre muchos otros artistas, escritores y acad\u00e9micos, son algunos de quienes participar\u00e1n en esta edici\u00f3n especial, a celebrarse del 28 de noviembre al 6 de diciembre, y que podr\u00e1 seguirse desde la p\u00e1gina oficial de la FIL Guadalajara (www.fil.com.mx) y sus redes sociales.<\/p>\n\n\n\n<p>El festival literario estar\u00e1 encabezado por L\u00eddia Jorge, escritora portuguesa ganadora del Premio FIL de Literatura en Lenguas Romances 2020, y Camila Sosa Villada, quien recibir\u00e1 el Premio Sor Juana In\u00e9s de la Cruz por su novela&nbsp;Las malas. Tambi\u00e9n se entregar\u00e1n el Premio de Literatura Ciudad y Naturaleza Jos\u00e9 Emilio Pacheco al poeta mexicano Marco Antonio Murillo, por su poemario&nbsp;Tal vez el crecimiento de un jard\u00edn sea la \u00fanica forma que los muertos pueden hablarnos; el Premio Iberoamericano SM de Literatura Infantil y Juvenil, para la colombiana Yolanda Reyes, y el Premio de Literaturas Ind\u00edgenas de Am\u00e9rica, que obtuvo la poeta chol Juana Karen Pe\u00f1ate Montejo, con su poemario&nbsp;Iso\u00f1il ja \u0301al&nbsp;(Danza de la lluvia).<\/p>\n\n\n\n<p>El Festival de las Letras Europeas, organizado con apoyo de la Delegaci\u00f3n de la Uni\u00f3n Europea en M\u00e9xico y embajadas de sus pa\u00edses miembros, tendr\u00e1 charlas de Thomas Brussig (Alemania), Gon\u00e7alo Tavares (Portugal), Pino Cacucci (Italia), Herman Koch (Pa\u00edses Bajos), Kevin Barry (Irlanda), \u00c1rp\u00e1d Kun (Hungr\u00eda), Marta Sanz (Espa\u00f1a), Martin Pollack (Austria) y Abdel\u00e1 Taia (Francia). El programa Latinoam\u00e9rica Viva contar\u00e1 con Fernanda Melchor, M\u00f3nica Ojeda, Brenda Navarro, Jorge Franco, Edmundo Paz Sold\u00e1n, Alia Trabucco Zer\u00e1n, Pilar Quintana y Pablo Simonetti. Coordinado por el escritor mexicano Alberto Chimal, el Encuentro Internacional de Cuentistas tendr\u00e1 la participaci\u00f3n de Mariana Enr\u00edquez, Bernardo Esquinca, Eduardo Halfon, L\u00eddia Jorge, Mar\u00eda Fernanda Ampuero y Marcelo Luj\u00e1n. En el Sal\u00f3n de la Poes\u00eda se contar\u00e1 con la participaci\u00f3n de la periodista y poeta libanesa Joumana Haddad, adem\u00e1s del iraqu\u00ed Muhsin Al-Ramli, y los mexicanos Elisa D\u00edaz Castelo y C\u00e9sar Ca\u00f1edo.<\/p>\n\n\n\n<p>Incluso en su formato virtual, la FIL es un espacio privilegiado para los lanzamientos editoriales. De tal manera, se presentar\u00e1n en nuestro espacio virtual los nuevos libros de, entre mucho otros, el visionario historiador Yuval Noah Harari, Federico Reyes Heroles, Guadalupe Nettel, Guillermo Arriaga, Carmen Boullosa, Cristina Rivera Garza, Xavier Velasco, Eva Garc\u00eda S\u00e1ez de Urturi, Jorge G. Casta\u00f1eda, Jes\u00fas Silva-Herzog M\u00e1rquez, Carlos Bardem, Arturo P\u00e9rez-Reverte, Alejandro Zambra, Mart\u00edn Solares, Juan Villoro, Emiliano Monge, H\u00e9ctor Aguilar Cam\u00edn, Julio Frenk Mora, Mart\u00edn Caparr\u00f3s, J\u00f6el Dicker, Leonardo Curzio y Sara Sefchovich.<\/p>\n\n\n\n<p>\u00a1La FIL tambi\u00e9n es Ciencia!, que a\u00f1o con a\u00f1o ha ganado terreno en el gusto del p\u00fablico, incorpora este a\u00f1o a dos premios Nobel de qu\u00edmica:&nbsp;Venki Ramakrishnan, quien ofrecer\u00e1 la conferencia \u201cLa m\u00e1quina gen\u00e9tica\u201d,&nbsp;presentado por Antonio Lazcano, y Aar\u00f3n Ciechanover, quien hablar\u00e1 de&nbsp;\u201cDilemas morales ahora y m\u00e1s all\u00e1 de la&nbsp;pandemia del covid-19\u201d, presentado por Andr\u00e9s Roemer. El Coloquio Internacional de Astronom\u00eda Universo y Sociedad contar\u00e1, entre otras actividades, con una conferencia a cargo del investigador del Instituto de Radioastronom\u00eda y Astrof\u00edsica de la UNAM, Laurent Loinard,&nbsp;\u201cLa primera evidencia directa de un agujero negro\u201d.<\/p>\n","protected":false},"excerpt":{"rendered":"<p>La edici\u00f3n especial en l\u00ednea de la Feria del 28 de noviembre al 6 de diciembre, contar\u00e1 con m\u00e1s de 300 actividades, tres premios Nobel y 300 autores de 38 &hellip; <a href=\"https:\/\/lavereda.com.mx\/index.php\/2020\/11\/05\/la-fil-de-guadalajara-anuncia-su-programa-virtual\/\" class=\"more-link\">Leer m\u00e1s<\/a><\/p>\n","protected":false},"author":1,"featured_media":888,"comment_status":"open","ping_status":"open","sticky":false,"template":"","format":"standard","meta":{"footnotes":""},"categories":[5,18],"tags":[],"class_list":["post-887","post","type-post","status-publish","format-standard","has-post-thumbnail","hentry","category-letras-y-libros","category-lomasrelevante","entry"],"_links":{"self":[{"href":"https:\/\/lavereda.com.mx\/index.php\/wp-json\/wp\/v2\/posts\/887","targetHints":{"allow":["GET"]}}],"collection":[{"href":"https:\/\/lavereda.com.mx\/index.php\/wp-json\/wp\/v2\/posts"}],"about":[{"href":"https:\/\/lavereda.com.mx\/index.php\/wp-json\/wp\/v2\/types\/post"}],"author":[{"embeddable":true,"href":"https:\/\/lavereda.com.mx\/index.php\/wp-json\/wp\/v2\/users\/1"}],"replies":[{"embeddable":true,"href":"https:\/\/lavereda.com.mx\/index.php\/wp-json\/wp\/v2\/comments?post=887"}],"version-history":[{"count":1,"href":"https:\/\/lavereda.com.mx\/index.php\/wp-json\/wp\/v2\/posts\/887\/revisions"}],"predecessor-version":[{"id":889,"href":"https:\/\/lavereda.com.mx\/index.php\/wp-json\/wp\/v2\/posts\/887\/revisions\/889"}],"wp:featuredmedia":[{"embeddable":true,"href":"https:\/\/lavereda.com.mx\/index.php\/wp-json\/wp\/v2\/media\/888"}],"wp:attachment":[{"href":"https:\/\/lavereda.com.mx\/index.php\/wp-json\/wp\/v2\/media?parent=887"}],"wp:term":[{"taxonomy":"category","embeddable":true,"href":"https:\/\/lavereda.com.mx\/index.php\/wp-json\/wp\/v2\/categories?post=887"},{"taxonomy":"post_tag","embeddable":true,"href":"https:\/\/lavereda.com.mx\/index.php\/wp-json\/wp\/v2\/tags?post=887"}],"curies":[{"name":"wp","href":"https:\/\/api.w.org\/{rel}","templated":true}]}}