{"id":884,"date":"2020-11-05T17:03:46","date_gmt":"2020-11-05T17:03:46","guid":{"rendered":"http:\/\/lavereda.com.mx\/?p=884"},"modified":"2020-11-05T17:07:33","modified_gmt":"2020-11-05T17:07:33","slug":"cuentos-desde-mi-ventana-episodio-3-las-risas-de-al-lado","status":"publish","type":"post","link":"https:\/\/lavereda.com.mx\/index.php\/2020\/11\/05\/cuentos-desde-mi-ventana-episodio-3-las-risas-de-al-lado\/","title":{"rendered":"Cuentos desde mi ventana. Episodio 3: Las risas de al lado"},"content":{"rendered":"\n<p>\u00abAl principio cre\u00ed que la cuarentena era una especie de vacaciones\u00bb&#8230;<\/p>\n\n\n\n<p>\u00bfTe ha pasado lo mismo?<\/p>\n\n\n\n<p>Y t\u00fa \u00bfc\u00f3mo has vivido esta pandemia? Te invitamos a escuchar este audio cuento que prepar\u00f3 \u201cAmonite\u201d, una p\u00e1gina de ciencia, tecnolog\u00eda para ni\u00f1os y mucho m\u00e1s:<\/p>\n\n\n\n<p>Despu\u00e9s de escucharlo, puedes compartirlo con tus amigos y familiares:<\/p>\n\n\n\n<figure class=\"wp-block-embed-youtube wp-block-embed is-type-video is-provider-youtube wp-embed-aspect-4-3 wp-has-aspect-ratio\"><div class=\"wp-block-embed__wrapper\">\n<iframe title=\"Cuentos desde mi ventana - 03 - Las risas de al lado\" width=\"1170\" height=\"878\" src=\"https:\/\/www.youtube.com\/embed\/4DZFUaYGYGY?feature=oembed\" frameborder=\"0\" allow=\"accelerometer; autoplay; clipboard-write; encrypted-media; gyroscope; picture-in-picture\" allowfullscreen><\/iframe>\n<\/div><\/figure>\n","protected":false},"excerpt":{"rendered":"<p>\u00abAl principio cre\u00ed que la cuarentena era una especie de vacaciones\u00bb&#8230; \u00bfTe ha pasado lo mismo? Y t\u00fa \u00bfc\u00f3mo has vivido esta pandemia? Te invitamos a escuchar este audio cuento &hellip; <a href=\"https:\/\/lavereda.com.mx\/index.php\/2020\/11\/05\/cuentos-desde-mi-ventana-episodio-3-las-risas-de-al-lado\/\" class=\"more-link\">Leer m\u00e1s<\/a><\/p>\n","protected":false},"author":1,"featured_media":886,"comment_status":"open","ping_status":"open","sticky":false,"template":"","format":"standard","meta":{"footnotes":""},"categories":[11,10],"tags":[],"class_list":["post-884","post","type-post","status-publish","format-standard","has-post-thumbnail","hentry","category-agenda","category-la-vereda-infantil","entry"],"_links":{"self":[{"href":"https:\/\/lavereda.com.mx\/index.php\/wp-json\/wp\/v2\/posts\/884","targetHints":{"allow":["GET"]}}],"collection":[{"href":"https:\/\/lavereda.com.mx\/index.php\/wp-json\/wp\/v2\/posts"}],"about":[{"href":"https:\/\/lavereda.com.mx\/index.php\/wp-json\/wp\/v2\/types\/post"}],"author":[{"embeddable":true,"href":"https:\/\/lavereda.com.mx\/index.php\/wp-json\/wp\/v2\/users\/1"}],"replies":[{"embeddable":true,"href":"https:\/\/lavereda.com.mx\/index.php\/wp-json\/wp\/v2\/comments?post=884"}],"version-history":[{"count":1,"href":"https:\/\/lavereda.com.mx\/index.php\/wp-json\/wp\/v2\/posts\/884\/revisions"}],"predecessor-version":[{"id":885,"href":"https:\/\/lavereda.com.mx\/index.php\/wp-json\/wp\/v2\/posts\/884\/revisions\/885"}],"wp:featuredmedia":[{"embeddable":true,"href":"https:\/\/lavereda.com.mx\/index.php\/wp-json\/wp\/v2\/media\/886"}],"wp:attachment":[{"href":"https:\/\/lavereda.com.mx\/index.php\/wp-json\/wp\/v2\/media?parent=884"}],"wp:term":[{"taxonomy":"category","embeddable":true,"href":"https:\/\/lavereda.com.mx\/index.php\/wp-json\/wp\/v2\/categories?post=884"},{"taxonomy":"post_tag","embeddable":true,"href":"https:\/\/lavereda.com.mx\/index.php\/wp-json\/wp\/v2\/tags?post=884"}],"curies":[{"name":"wp","href":"https:\/\/api.w.org\/{rel}","templated":true}]}}