{"id":875,"date":"2020-11-04T19:22:41","date_gmt":"2020-11-04T19:22:41","guid":{"rendered":"http:\/\/lavereda.com.mx\/?p=875"},"modified":"2020-11-04T19:22:43","modified_gmt":"2020-11-04T19:22:43","slug":"presentan-la-charla-en-vivo-nuestras-mejores-peliculas","status":"publish","type":"post","link":"https:\/\/lavereda.com.mx\/index.php\/2020\/11\/04\/presentan-la-charla-en-vivo-nuestras-mejores-peliculas\/","title":{"rendered":"Presentan la charla en vivo: Nuestras mejores pel\u00edculas"},"content":{"rendered":"\n<p>Dentro de las actividades del 90 aniversario del Teatro Isauro Mart\u00ednez se realizar\u00e1 \u00a0la charla Nuestras mejores pel\u00edculas, a cargo de Luis Solares, Bernardo G\u00f3mez y Amaury Hern\u00e1ndez, este jueves 5 de noviembre a las 7:00 pm a trav\u00e9s de Facebook Live del Teatro Isauro Mart\u00ednez.<\/p>\n\n\n\n<p><br>Para Amaury Hern\u00e1ndez en el s\u00e9ptimo arte existen muchas cintas de distintos g\u00e9neros cinematogr\u00e1ficos, sin embargo siempre tenemos algunas que nos dejan una huella.<\/p>\n\n\n\n<p><br>Por su parte Bernardo G\u00f3mez, en el oc\u00e9ano enorme que es el cine, afirma: \u00abcada Nueva ola nos regala una nueva pel\u00edcula que nos va cambiando nuestra forma de apreciarlo y nuestra forma de disfrutar lo que sucede a nuestro alrededor.Esta tarde te invitamos a recordar algunas obras te puedes disfrutar\u00bb.<\/p>\n\n\n\n<blockquote class=\"wp-block-quote is-layout-flow wp-block-quote-is-layout-flow\"><p><br>Luis Solares quien adem\u00e1s coordina el cine \u00a0club \u00a0del Isauro Mart\u00ednez \u00a0desde hace ya 20 a\u00f1os \u00a0nos comparte \u00a0que el \u00a0cine nos brinda la oportunidad de vivir otras vidas, de conocer otros lugares y otras \u00e9pocas.\u00a0<br>\u00abLas historias que nos han divertido, interesado y estremecido, han marcado nuestra forma de ver el mundo.Este jueves platicaremos de algunas de esas pel\u00edculas que no podemos olvidar\u00bb.\u00a0<br><\/p><\/blockquote>\n\n\n\n<p>Afirma que el cine es importante por su posibilidad de generar representaciones mentales y emocionales en el espectador, a fin de brindar entretenimiento. Es una expresi\u00f3n art\u00edstica que alcanza a uno de los p\u00fablicos m\u00e1s variados, desde sus gustos, edad, nivel de educaci\u00f3n e idioma. Se convierte en un fen\u00f3meno de gran relevancia para la sociedad actual y su alcance est\u00e1 presente en todos los rincones del planeta con mayor o menor grado.<\/p>\n","protected":false},"excerpt":{"rendered":"<p>Dentro de las actividades del 90 aniversario del Teatro Isauro Mart\u00ednez se realizar\u00e1 \u00a0la charla Nuestras mejores pel\u00edculas, a cargo de Luis Solares, Bernardo G\u00f3mez y Amaury Hern\u00e1ndez, este jueves &hellip; <a href=\"https:\/\/lavereda.com.mx\/index.php\/2020\/11\/04\/presentan-la-charla-en-vivo-nuestras-mejores-peliculas\/\" class=\"more-link\">Leer m\u00e1s<\/a><\/p>\n","protected":false},"author":1,"featured_media":876,"comment_status":"open","ping_status":"open","sticky":false,"template":"","format":"standard","meta":{"footnotes":""},"categories":[11,18],"tags":[],"class_list":["post-875","post","type-post","status-publish","format-standard","has-post-thumbnail","hentry","category-agenda","category-lomasrelevante","entry"],"_links":{"self":[{"href":"https:\/\/lavereda.com.mx\/index.php\/wp-json\/wp\/v2\/posts\/875","targetHints":{"allow":["GET"]}}],"collection":[{"href":"https:\/\/lavereda.com.mx\/index.php\/wp-json\/wp\/v2\/posts"}],"about":[{"href":"https:\/\/lavereda.com.mx\/index.php\/wp-json\/wp\/v2\/types\/post"}],"author":[{"embeddable":true,"href":"https:\/\/lavereda.com.mx\/index.php\/wp-json\/wp\/v2\/users\/1"}],"replies":[{"embeddable":true,"href":"https:\/\/lavereda.com.mx\/index.php\/wp-json\/wp\/v2\/comments?post=875"}],"version-history":[{"count":1,"href":"https:\/\/lavereda.com.mx\/index.php\/wp-json\/wp\/v2\/posts\/875\/revisions"}],"predecessor-version":[{"id":877,"href":"https:\/\/lavereda.com.mx\/index.php\/wp-json\/wp\/v2\/posts\/875\/revisions\/877"}],"wp:featuredmedia":[{"embeddable":true,"href":"https:\/\/lavereda.com.mx\/index.php\/wp-json\/wp\/v2\/media\/876"}],"wp:attachment":[{"href":"https:\/\/lavereda.com.mx\/index.php\/wp-json\/wp\/v2\/media?parent=875"}],"wp:term":[{"taxonomy":"category","embeddable":true,"href":"https:\/\/lavereda.com.mx\/index.php\/wp-json\/wp\/v2\/categories?post=875"},{"taxonomy":"post_tag","embeddable":true,"href":"https:\/\/lavereda.com.mx\/index.php\/wp-json\/wp\/v2\/tags?post=875"}],"curies":[{"name":"wp","href":"https:\/\/api.w.org\/{rel}","templated":true}]}}