{"id":872,"date":"2020-11-04T16:37:19","date_gmt":"2020-11-04T16:37:19","guid":{"rendered":"http:\/\/lavereda.com.mx\/?p=872"},"modified":"2020-11-04T16:37:22","modified_gmt":"2020-11-04T16:37:22","slug":"de-vuelta-a-los-interiores","status":"publish","type":"post","link":"https:\/\/lavereda.com.mx\/index.php\/2020\/11\/04\/de-vuelta-a-los-interiores\/","title":{"rendered":"De vuelta a los interiores"},"content":{"rendered":"\n<p>Desde el confinamiento mi vida interior, quiz\u00e1s la de muchas mujeres ha pasado por todo: miedo, ansiedad, cansancio y una dimensi\u00f3n real de lo que podr\u00eda ser el verdadero \u201corden mundial\u201d: la vida dom\u00e9stica.<\/p>\n\n\n\n<p>Las necesidades del confinamiento han pesado mucho m\u00e1s en las mujeres, es cierto. Se nota la ausencia de un equilibrio, porque el cuidado de menores y personas en situaci\u00f3n de riesgo, sigue estando en manos de las mujeres. La sobre carga del trabajo dom\u00e9stico, ha hecho muy dif\u00edcil la vida en el hogar en este a\u00f1o.<\/p>\n\n\n\n<p>Hay algo que aflora tambi\u00e9n: es la propia vida interior. Sucede que tal vez, no nos han preparado para que aprendamos a vivir con nosotros mismos, para disfrutar la soledad, el silencio, la calma. O la dura tarea de aceptar y de aprender a vivir con el otro. El m\u00e1s pr\u00f3ximo. La otredad ha tenido su particular peso este a\u00f1o. Como lo dir\u00eda el poeta Octavio Paz \u201clos otros que no son si yo no existo\u201d.<\/p>\n\n\n\n<p>Nuestro sentimiento de protecci\u00f3n hacia nosotros mismos y hacia los dem\u00e1s, no ha dado el ancho suficiente en esta pandemia.<\/p>\n\n\n\n<p>Sin embargo, hay algo que se despierta cuando la vida se interioriza. Nuestros sentidos.&nbsp;<\/p>\n\n\n\n<p>Este a\u00f1o he partido y he molido m\u00e1s tomates que en muchos meses de mi vida, he preparado m\u00e1s salsas, he quitado mas restos de caf\u00e9 de la cafetera, he sacado m\u00e1s veces la basura, he recogido m\u00e1s restos de vida cotidiana, que en mucho tiempo reunido. Soy m\u00e1s consciente de las texturas, de los sonidos, a veces estruendosos por el caos y a veces los silencios. Por momentos, claro, quisiera salir corriendo.<\/p>\n\n\n\n<blockquote class=\"wp-block-quote is-layout-flow wp-block-quote-is-layout-flow\"><p>Pero he aprendido a disfrutar c\u00f3mo cambia ese rect\u00e1ngulo, que a veces es un romboide, que dibuja la ventana cuando entra el sol de la ma\u00f1ana en el suelo de la estancia. Esa luz que cambia de tonalidad del verano al oto\u00f1o, una alfombra de calor en la que se acuesta el perro.<\/p><\/blockquote>\n\n\n\n<p>He visto dar frutos a la higuera y he recogido sus hojas oto\u00f1ales. He logrado vencer el cansancio del fulminante verano, para recibir las ma\u00f1anas y las tardes frescas. Me he dejado envolver por las candentes lunas de octubre.&nbsp;<\/p>\n\n\n\n<p>La vuelta a los interiores parece inevitable, afuera hay tristeza, desempleo, frustraci\u00f3n. Una realidad mortal. Ojal\u00e1 podamos aquietar el alma, poner un mantel y un centro de mesa. Tomar caf\u00e9 por la ma\u00f1ana. Y aprender a esperar, no hay espacios entre cuatro paredes silentes y perfectos, pero quiz\u00e1s podamos cambiar su color, quiz\u00e1s podamos entender el significado de la palabra regocijo.<\/p>\n","protected":false},"excerpt":{"rendered":"<p>Desde el confinamiento mi vida interior, quiz\u00e1s la de muchas mujeres ha pasado por todo: miedo, ansiedad, cansancio y una dimensi\u00f3n real de lo que podr\u00eda ser el verdadero \u201corden &hellip; <a href=\"https:\/\/lavereda.com.mx\/index.php\/2020\/11\/04\/de-vuelta-a-los-interiores\/\" class=\"more-link\">Leer m\u00e1s<\/a><\/p>\n","protected":false},"author":9,"featured_media":873,"comment_status":"open","ping_status":"open","sticky":false,"template":"","format":"standard","meta":{"footnotes":""},"categories":[18,9],"tags":[],"class_list":["post-872","post","type-post","status-publish","format-standard","has-post-thumbnail","hentry","category-lomasrelevante","category-opinion","entry"],"_links":{"self":[{"href":"https:\/\/lavereda.com.mx\/index.php\/wp-json\/wp\/v2\/posts\/872","targetHints":{"allow":["GET"]}}],"collection":[{"href":"https:\/\/lavereda.com.mx\/index.php\/wp-json\/wp\/v2\/posts"}],"about":[{"href":"https:\/\/lavereda.com.mx\/index.php\/wp-json\/wp\/v2\/types\/post"}],"author":[{"embeddable":true,"href":"https:\/\/lavereda.com.mx\/index.php\/wp-json\/wp\/v2\/users\/9"}],"replies":[{"embeddable":true,"href":"https:\/\/lavereda.com.mx\/index.php\/wp-json\/wp\/v2\/comments?post=872"}],"version-history":[{"count":1,"href":"https:\/\/lavereda.com.mx\/index.php\/wp-json\/wp\/v2\/posts\/872\/revisions"}],"predecessor-version":[{"id":874,"href":"https:\/\/lavereda.com.mx\/index.php\/wp-json\/wp\/v2\/posts\/872\/revisions\/874"}],"wp:featuredmedia":[{"embeddable":true,"href":"https:\/\/lavereda.com.mx\/index.php\/wp-json\/wp\/v2\/media\/873"}],"wp:attachment":[{"href":"https:\/\/lavereda.com.mx\/index.php\/wp-json\/wp\/v2\/media?parent=872"}],"wp:term":[{"taxonomy":"category","embeddable":true,"href":"https:\/\/lavereda.com.mx\/index.php\/wp-json\/wp\/v2\/categories?post=872"},{"taxonomy":"post_tag","embeddable":true,"href":"https:\/\/lavereda.com.mx\/index.php\/wp-json\/wp\/v2\/tags?post=872"}],"curies":[{"name":"wp","href":"https:\/\/api.w.org\/{rel}","templated":true}]}}