{"id":869,"date":"2020-11-04T00:06:57","date_gmt":"2020-11-04T00:06:57","guid":{"rendered":"http:\/\/lavereda.com.mx\/?p=869"},"modified":"2020-11-04T00:06:59","modified_gmt":"2020-11-04T00:06:59","slug":"lanzan-el-premio-internacional-de-poesia-manuel-acuna","status":"publish","type":"post","link":"https:\/\/lavereda.com.mx\/index.php\/2020\/11\/04\/lanzan-el-premio-internacional-de-poesia-manuel-acuna\/","title":{"rendered":"Lanzan el Premio Internacional de Poes\u00eda Manuel Acu\u00f1a"},"content":{"rendered":"\n<p>Como homenaje a uno de los poetas m\u00e1s grandes que ha dado Coahuila, ha sido anunciada la convocatoria del Premio Internacional Manuel Acu\u00f1a de Poes\u00eda en Lengua Espa\u00f1ola 2020, mismo que est\u00e1 dotado de un premio en efectivo, la publicaci\u00f3n de la obra, as\u00ed como un diploma y se realiza como un homenaje a este gran poeta.<\/p>\n\n\n\n<p>La Secretaria de Cultura, Ana Sof\u00eda Garc\u00eda Camil, se\u00f1al\u00f3 que este es uno de los premios m\u00e1s esperados en el mundo de la poes\u00eda a nivel nacional e internacional, ya que \u00e9ste impulsa el desarrollo de la poes\u00eda de nuestra lengua.<\/p>\n\n\n\n<blockquote class=\"wp-block-quote is-layout-flow wp-block-quote-is-layout-flow\"><p>\u201cEl premio cuenta con dos categor\u00edas: Obra In\u00e9dita y Trayectoria Po\u00e9tica. Por un lado se estimula al talento naciente y por otro lado se reconoce a poetas ya consagrados\u201d, dijo.<\/p><\/blockquote>\n\n\n\n<p>En la primera categor\u00eda participan todos los poetas de habla castellana sin importar el lugar de residencia, siendo la fecha de cierre el 13 de diciembre del a\u00f1o en curso. En cuanto a la categor\u00eda Trayectoria Po\u00e9tica, se reconocen a los autores por la calidad e importancia de su obra que han trascendido las barreras del lenguaje.&nbsp;<\/p>\n\n\n\n<p>El premio ser\u00e1 otorgado a quien haya contribuido a enriquecer el patrimonio cultural universal a trav\u00e9s de la poes\u00eda.<\/p>\n\n\n\n<blockquote class=\"wp-block-quote is-layout-flow wp-block-quote-is-layout-flow\"><p>\u201cLos candidatos deber\u00e1n ser propuestos por instituciones nacionales e internacionales, as\u00ed como por agrupaciones que respalden su trayectoria po\u00e9tica. La fecha l\u00edmite de la presentaci\u00f3n de candidaturas es el d\u00eda viernes 27 de noviembre del a\u00f1o en curso a las 20:00 horas\u201d, detall\u00f3 Garc\u00eda Camil.<\/p><\/blockquote>\n\n\n\n<p>Cabe se\u00f1alar que desde su primera edici\u00f3n el Encuentro Internacional de Poes\u00eda Manuel Acu\u00f1a han logrado reunir much\u00edsimos poetas, de los cuales algunos han sido extranjeros procedentes de naciones como Costa Rica, Rusia, Brasil, Portugal, Italia, Espa\u00f1a, Per\u00fa, Cuba, Chile, Colombia, Corea, Brasil, Francia, Estados Unidos, China, Italia, Finlandia, Marruecos, Kosovo, Ir\u00e1n, Canad\u00e1, Argentina, Alemania, Suecia e Israel.<\/p>\n\n\n\n<p>En cuanto a las premiaciones pendientes, est\u00e1n de Anne Carson como ganadora del premio 2019 en la categor\u00eda de Trayectoria, y de Juan Malebr\u00e1n en la categor\u00eda de Obra In\u00e9dita.\u00a0\u00a0<\/p>\n\n\n\n<p>Se inform\u00f3 que \u00e9sta se llevar\u00e1 a cabo v\u00eda virtual el d\u00eda 12 de noviembre \u2014D\u00eda Nacional del Libro\u2014 en las instalaciones de Palacio de Gobierno, en Saltillo.<\/p>\n\n\n\n<p>Finalmente, mencion\u00f3 que los trabajos deber\u00e1n enviarse al correo\u00a0<a rel=\"noreferrer noopener\" href=\"mailto:culturaescrita@coahuila.gob.mx\" target=\"_blank\">culturaescrita@coahuila.gob.mx<\/a>\u00a0o en f\u00edsico en el Centro de las Letras \u00d3scar Flores Tapia (Calle Benito Ju\u00e1rez, # 319, Zona Centro de Saltillo).<\/p>\n\n\n\n<p>Para mayores informes, los interesados pueden buscar las bases de esta convocatoria en&nbsp;<a href=\"https:\/\/coahuilacultura.gob.mx\/convocatorias\/\" target=\"_blank\" rel=\"noreferrer noopener\">https:\/\/coahuilacultura.gob.mx\/convocatorias\/<\/a><\/p>\n","protected":false},"excerpt":{"rendered":"<p>Como homenaje a uno de los poetas m\u00e1s grandes que ha dado Coahuila, ha sido anunciada la convocatoria del Premio Internacional Manuel Acu\u00f1a de Poes\u00eda en Lengua Espa\u00f1ola 2020, mismo &hellip; <a href=\"https:\/\/lavereda.com.mx\/index.php\/2020\/11\/04\/lanzan-el-premio-internacional-de-poesia-manuel-acuna\/\" class=\"more-link\">Leer m\u00e1s<\/a><\/p>\n","protected":false},"author":1,"featured_media":870,"comment_status":"open","ping_status":"open","sticky":false,"template":"","format":"standard","meta":{"footnotes":""},"categories":[5,18],"tags":[],"class_list":["post-869","post","type-post","status-publish","format-standard","has-post-thumbnail","hentry","category-letras-y-libros","category-lomasrelevante","entry"],"_links":{"self":[{"href":"https:\/\/lavereda.com.mx\/index.php\/wp-json\/wp\/v2\/posts\/869","targetHints":{"allow":["GET"]}}],"collection":[{"href":"https:\/\/lavereda.com.mx\/index.php\/wp-json\/wp\/v2\/posts"}],"about":[{"href":"https:\/\/lavereda.com.mx\/index.php\/wp-json\/wp\/v2\/types\/post"}],"author":[{"embeddable":true,"href":"https:\/\/lavereda.com.mx\/index.php\/wp-json\/wp\/v2\/users\/1"}],"replies":[{"embeddable":true,"href":"https:\/\/lavereda.com.mx\/index.php\/wp-json\/wp\/v2\/comments?post=869"}],"version-history":[{"count":1,"href":"https:\/\/lavereda.com.mx\/index.php\/wp-json\/wp\/v2\/posts\/869\/revisions"}],"predecessor-version":[{"id":871,"href":"https:\/\/lavereda.com.mx\/index.php\/wp-json\/wp\/v2\/posts\/869\/revisions\/871"}],"wp:featuredmedia":[{"embeddable":true,"href":"https:\/\/lavereda.com.mx\/index.php\/wp-json\/wp\/v2\/media\/870"}],"wp:attachment":[{"href":"https:\/\/lavereda.com.mx\/index.php\/wp-json\/wp\/v2\/media?parent=869"}],"wp:term":[{"taxonomy":"category","embeddable":true,"href":"https:\/\/lavereda.com.mx\/index.php\/wp-json\/wp\/v2\/categories?post=869"},{"taxonomy":"post_tag","embeddable":true,"href":"https:\/\/lavereda.com.mx\/index.php\/wp-json\/wp\/v2\/tags?post=869"}],"curies":[{"name":"wp","href":"https:\/\/api.w.org\/{rel}","templated":true}]}}