{"id":865,"date":"2020-11-02T16:27:42","date_gmt":"2020-11-02T16:27:42","guid":{"rendered":"http:\/\/lavereda.com.mx\/?p=865"},"modified":"2020-11-02T16:27:44","modified_gmt":"2020-11-02T16:27:44","slug":"los-riesgos-del-ocio-5","status":"publish","type":"post","link":"https:\/\/lavereda.com.mx\/index.php\/2020\/11\/02\/los-riesgos-del-ocio-5\/","title":{"rendered":"Los riesgos del ocio"},"content":{"rendered":"\n<p>Es inevitable en estos d\u00edas pensar en todos esos seres que han formado parte de nuestra historia, pero que f\u00edsicamente ya no est\u00e1n. Esas personas que de alguna manera se quedaron en el recuerdo, no como meras presencias sino como part\u00edcipes en la creaci\u00f3n de lo que hoy somos.&nbsp;<\/p>\n\n\n\n<p>Una vez, hace muchos a\u00f1os, acostados sobre el piso del escenario del hermoso Teatro Isauro Mart\u00ednez, mientras esper\u00e1bamos a los compa\u00f1eros para el ensayo, mi amigo Tony y yo hac\u00edamos reflexiones adolescentes sobre qu\u00e9 y por qu\u00e9 est\u00e1bamos en el mundo. Pens\u00e1bamos en la vida como fotograf\u00edas que \u00edbamos colocando en el tel\u00f3n de fondo; pero hac\u00edamos la aclaraci\u00f3n de que no cualquier imagen cabr\u00eda en ese espacio, deb\u00edan ser s\u00f3lo aquellas donde apareciera ese momento que nos daba una vuelta de tuerca existencial, el que nos regalaba un recuerdo transformador, o una ense\u00f1anza, o un llanto liberador, o un cari\u00f1o tan grande, que la foto se pod\u00eda sostener por s\u00ed sola.&nbsp;<\/p>\n\n\n\n<p>En ese momento de nuestra vida, las im\u00e1genes que val\u00edan la pena tener sobre nuestros respetivos fondos negros eran acaso unas veinte o treinta. A\u00f1os despu\u00e9s, recordando ese d\u00eda, nos dimos cuenta lo mucho que hab\u00eda crecido nuestro \u00e1lbum; de la gran cantidad de fotos dolorosas, divertidas, extenuantes, alegres, amorosas, llenas de l\u00e1grimas, de viajes, de besos que hab\u00edamos colgado en esa tela.<\/p>\n\n\n\n<p>Hace ya un tiempo que Tony forma parte de ese tel\u00f3n. Al igual que tantos otros que se fueron de manera inesperada, o con la previsi\u00f3n que da la enfermedad; a algunos los recuerdo con cari\u00f1o por todo lo que se nos permiti\u00f3 despedirnos, a otros con cierto enojo producido por la distancia que impidi\u00f3 un adi\u00f3s de abrazos; a muchos m\u00e1s con la sorpresa de su partida, sin previa cita preventiva.&nbsp;<\/p>\n\n\n\n<blockquote class=\"wp-block-quote is-layout-flow wp-block-quote-is-layout-flow\"><p>Muchos no nos queremos ir, otros est\u00e1n anunciando que se nos van desde que los conocemos; as\u00ed son los amigos, as\u00ed son sus ausencias todas diferentes: desde el primer adi\u00f3s de mi vida que fue para los abuelos, muy familiar y previsible; pasando por el de Pablo, aqu\u00e9l novio de la secundaria que nos leg\u00f3 su juventud suspendida; hasta la reciente partida del poeta Jaime Augusto, todos van dejando iconograf\u00edas entra\u00f1ables.<\/p><\/blockquote>\n\n\n\n<p>A medida que la l\u00f3gica humana de los a\u00f1os cumplidos nos acerca cada vez m\u00e1s a ser la posibilidad de una foto en el tel\u00f3n de fondo de alguien m\u00e1s, uno se va preguntando \u00bfy luego qu\u00e9? \u00bfQu\u00e9 sigue? Pero como no me voy a meter en asuntos filos\u00f3ficos de nunca acabar, s\u00f3lo me queda desear que la imagen que me corresponda ser en otros \u00e1lbumes sea divertida o de perdido alegre, o al menos que al ser contemplada y recordada, sea con una sonrisa y sin la sensaci\u00f3n de algo inconcluso en la vida de los dem\u00e1s.&nbsp;<\/p>\n","protected":false},"excerpt":{"rendered":"<p>Es inevitable en estos d\u00edas pensar en todos esos seres que han formado parte de nuestra historia, pero que f\u00edsicamente ya no est\u00e1n. Esas personas que de alguna manera se &hellip; <a href=\"https:\/\/lavereda.com.mx\/index.php\/2020\/11\/02\/los-riesgos-del-ocio-5\/\" class=\"more-link\">Leer m\u00e1s<\/a><\/p>\n","protected":false},"author":11,"featured_media":866,"comment_status":"open","ping_status":"open","sticky":false,"template":"","format":"standard","meta":{"footnotes":""},"categories":[18,9],"tags":[],"class_list":["post-865","post","type-post","status-publish","format-standard","has-post-thumbnail","hentry","category-lomasrelevante","category-opinion","entry"],"_links":{"self":[{"href":"https:\/\/lavereda.com.mx\/index.php\/wp-json\/wp\/v2\/posts\/865","targetHints":{"allow":["GET"]}}],"collection":[{"href":"https:\/\/lavereda.com.mx\/index.php\/wp-json\/wp\/v2\/posts"}],"about":[{"href":"https:\/\/lavereda.com.mx\/index.php\/wp-json\/wp\/v2\/types\/post"}],"author":[{"embeddable":true,"href":"https:\/\/lavereda.com.mx\/index.php\/wp-json\/wp\/v2\/users\/11"}],"replies":[{"embeddable":true,"href":"https:\/\/lavereda.com.mx\/index.php\/wp-json\/wp\/v2\/comments?post=865"}],"version-history":[{"count":1,"href":"https:\/\/lavereda.com.mx\/index.php\/wp-json\/wp\/v2\/posts\/865\/revisions"}],"predecessor-version":[{"id":867,"href":"https:\/\/lavereda.com.mx\/index.php\/wp-json\/wp\/v2\/posts\/865\/revisions\/867"}],"wp:featuredmedia":[{"embeddable":true,"href":"https:\/\/lavereda.com.mx\/index.php\/wp-json\/wp\/v2\/media\/866"}],"wp:attachment":[{"href":"https:\/\/lavereda.com.mx\/index.php\/wp-json\/wp\/v2\/media?parent=865"}],"wp:term":[{"taxonomy":"category","embeddable":true,"href":"https:\/\/lavereda.com.mx\/index.php\/wp-json\/wp\/v2\/categories?post=865"},{"taxonomy":"post_tag","embeddable":true,"href":"https:\/\/lavereda.com.mx\/index.php\/wp-json\/wp\/v2\/tags?post=865"}],"curies":[{"name":"wp","href":"https:\/\/api.w.org\/{rel}","templated":true}]}}