{"id":860,"date":"2020-11-02T16:20:39","date_gmt":"2020-11-02T16:20:39","guid":{"rendered":"http:\/\/lavereda.com.mx\/?p=860"},"modified":"2020-11-02T20:08:38","modified_gmt":"2020-11-02T20:08:38","slug":"palabras-de-la-catrina","status":"publish","type":"post","link":"https:\/\/lavereda.com.mx\/index.php\/2020\/11\/02\/palabras-de-la-catrina\/","title":{"rendered":"Palabras de la Catrina"},"content":{"rendered":"\n<h5 class=\"wp-block-heading\">Por Erando Gonz\u00e1lez *<\/h5>\n\n\n\n<p><\/p>\n\n\n\n<p><\/p>\n\n\n\n<p>Nos avisa el campanario<\/p>\n\n\n\n<p>que ya en nuestro calendario<\/p>\n\n\n\n<p>son de difuntos las fechas.<\/p>\n\n\n\n<p>Tantos caen bajo las flechas<\/p>\n\n\n\n<p>cargadas de tu amargor<\/p>\n\n\n\n<p><\/p>\n\n\n\n<p>\u00a1Ah, pandemia maldecida<\/p>\n\n\n\n<p>que en nuestro aliento y amor<\/p>\n\n\n\n<p>puso su garra homicida!<\/p>\n\n\n\n<p><\/p>\n\n\n\n<p>Pero soy afortunada&nbsp;<\/p>\n\n\n\n<p>&nbsp;de abarcar con la mirada<\/p>\n\n\n\n<p>a tantos deudos y amigos<\/p>\n\n\n\n<p>&nbsp;recordando a sus queridos.<\/p>\n\n\n\n<p><\/p>\n\n\n\n<p>Hay que recordar con viva pasi\u00f3n.<\/p>\n\n\n\n<p>&nbsp;Pues en lat\u00edn&nbsp;<em>re-cordis<\/em>&nbsp;significa,<\/p>\n\n\n\n<p>&nbsp;&nbsp;\u2013como el docto letrado nos explica\u2013<\/p>\n\n\n\n<p>Volver a pasar por el coraz\u00f3n.<\/p>\n\n\n\n<p><\/p>\n\n\n\n<p>Yo, en el osario del pecho,<\/p>\n\n\n\n<p>&nbsp;traigo un coraz\u00f3n de ave<\/p>\n\n\n\n<p>que, sin dar ning\u00fan latido,<\/p>\n\n\n\n<p>&nbsp;da se\u00f1as de que algo sabe.<\/p>\n\n\n\n<p><\/p>\n\n\n\n<p>Sabe dolerse y gozar<\/p>\n\n\n\n<p>sabe levantar el vuelo,<\/p>\n\n\n\n<p>que \u00e9l y estas cuantas palabras<\/p>\n\n\n\n<p>les traigan alg\u00fan consuelo.<\/p>\n\n\n\n<p><\/p>\n\n\n\n<p>Soy golosina floreada<\/p>\n\n\n\n<p>\u2013tradici\u00f3n que a az\u00facar sabe\u2013<\/p>\n\n\n\n<p>y en toda la patria suave<\/p>\n\n\n\n<p>\u2018calaverita\u2019 rimada.<\/p>\n\n\n\n<p><\/p>\n\n\n\n<p>Soy la se\u00f1ora del siglo<\/p>\n\n\n\n<p>&nbsp;soy la testiga ocular<\/p>\n\n\n\n<p>&nbsp;y voy a todo lugar<\/p>\n\n\n\n<p>sin regate ni remilgo;<\/p>\n\n\n\n<p>soy la estaci\u00f3n y el camino,<\/p>\n\n\n\n<p>soy el mentado destino<\/p>\n\n\n\n<p>&nbsp;<\/p>\n\n\n\n<p>Todo lo he visto venir<\/p>\n\n\n\n<p>&nbsp;y llegar, ser&#8230; y partir.<\/p>\n\n\n\n<p>S\u00ed: de aqu\u00ed parte el amante<\/p>\n\n\n\n<p>&nbsp;y se queda al mismo tiempo.<\/p>\n\n\n\n<p>&nbsp;<\/p>\n\n\n\n<p>De aqu\u00ed se va sin partir<\/p>\n\n\n\n<p>&nbsp;y est\u00e1 cerca estando lejos.<\/p>\n\n\n\n<p><\/p>\n\n\n\n<p>Porque derrotan al tiempo,<\/p>\n\n\n\n<p>&nbsp;los amores m\u00e1s felices<\/p>\n\n\n\n<p>y regresan de la muerte<\/p>\n\n\n\n<p>&nbsp;por esta puerta invisible.<\/p>\n\n\n\n<p>&nbsp;<\/p>\n\n\n\n<p>Sabemos que el ser amado,<\/p>\n\n\n\n<p>&nbsp;prendido a tal sentimiento,<\/p>\n\n\n\n<p>&nbsp;siendo en lo dem\u00e1s ausencia<\/p>\n\n\n\n<p>&nbsp;lo sentimos en el cuerpo.<\/p>\n\n\n\n<p>&nbsp;<\/p>\n\n\n\n<p>Si alguien en su pecho muere,<\/p>\n\n\n\n<p>&nbsp;si se le agota el resuello,<\/p>\n\n\n\n<p>pervivir\u00e1 en estos pechos.<\/p>\n\n\n\n<p>&nbsp;\u00a1A ver! \u00bfHay algo m\u00e1s bello?<\/p>\n\n\n\n<p><\/p>\n\n\n\n<p>Con tener estos paisanos<\/p>\n\n\n\n<p>me llen\u00f3 el vaso la suerte,<\/p>\n\n\n\n<p>pues darle el brazo a la Muerte<\/p>\n\n\n\n<p>fama es de los mexicanos.<\/p>\n\n\n\n<p><\/p>\n\n\n\n<p>M\u00e9xico lindo y querido\u2026<\/p>\n\n\n\n<p>t\u00fa ser\u00e1s m\u00e1s de lo que eres<\/p>\n\n\n\n<p>\u2013lo digo de coraz\u00f3n\u2013<\/p>\n\n\n\n<p>pues ser\u00e1s lo que ahora son<\/p>\n\n\n\n<p>tus ni\u00f1os y tus mujeres.<\/p>\n\n\n\n<p><\/p>\n\n\n\n<p>Y en este tiempo, duro cual ninguno,<\/p>\n\n\n\n<p>decir es necesario y oportuno\u2026<\/p>\n\n\n\n<p><\/p>\n\n\n\n<p>Que en esta tierra donde el barro canta&nbsp;<\/p>\n\n\n\n<p>&nbsp;y el aire azul navegan los volcanes,<\/p>\n\n\n\n<p>&nbsp;donde juega el az\u00facar a hacer panes,<\/p>\n\n\n\n<p>&nbsp;un incendio de flores se levanta,<\/p>\n\n\n\n<p><strong>&nbsp;y un mar de corazones se agiganta<\/strong><\/p>\n\n\n\n<p><strong>&nbsp;&nbsp;para gritar un estruendoso \u00a1Viva!<\/strong><\/p>\n\n\n\n<p><strong>\u00a1Viva el doctor! \u00a1Y la doctora\u2026 Viva!<\/strong><\/p>\n\n\n\n<p><strong>&nbsp;Junto a los enfermeros y enfermeras,<\/strong><\/p>\n\n\n\n<p><strong>&nbsp;que hoy son los h\u00e9roes de la patria entera<\/strong><\/p>\n\n\n\n<p><strong>con nuestra gratitud&nbsp;superlativa.<\/strong><\/p>\n\n\n\n<p><strong>Los de limpieza, las afanadoras,<\/strong><\/p>\n\n\n\n<p><strong>discretos magos de veinticuatro horas,<\/strong><\/p>\n\n\n\n<p><strong>camilleros, chofer, ambulancistas,<\/strong><\/p>\n\n\n\n<p><strong>&nbsp;de voluntad tenaz y de alma amiga;<\/strong><\/p>\n\n\n\n<p><strong>los vigilantes, las intensivistas<\/strong><\/p>\n\n\n\n<p><strong>&nbsp;vencedoras del miedo y la fatiga.<\/strong><\/p>\n\n\n\n<p><\/p>\n\n\n\n<p><strong>&nbsp;M\u00e9dicos nobles, l\u00facidas doctoras<\/strong><\/p>\n\n\n\n<p><strong>&nbsp;enteras van y dedicados vienen<\/strong><\/p>\n\n\n\n<p><strong>&nbsp;y tras la bata y la careta tienen<\/strong><\/p>\n\n\n\n<p><strong>&nbsp;ojos de luz y manos salvadoras.<\/strong><\/p>\n\n\n\n<p><strong>&nbsp;<\/strong><\/p>\n\n\n\n<p><strong>Trajinan de bajada y de subida<\/strong><\/p>\n\n\n\n<p><strong>&nbsp;prodigando salud y buena suerte<\/strong><\/p>\n\n\n\n<p><strong>&nbsp;&nbsp;porque no est\u00e1n en lucha con la muerte<\/strong><\/p>\n\n\n\n<p><strong>&nbsp;sino en dulce noviazgo con la vida.<\/strong><\/p>\n\n\n\n<p><strong>&nbsp;<\/strong><\/p>\n\n\n\n<p><strong>De sus manos vendr\u00e1n, recuperados,<\/strong><\/p>\n\n\n\n<p><strong>&nbsp;el baile, los abrazos y los besos,<\/strong><\/p>\n\n\n\n<p><strong>&nbsp;los compa\u00f1eros y el honor, ilesos,<\/strong><\/p>\n\n\n\n<p><strong>&nbsp;las palabras de amor que hemos guardado<\/strong>.<\/p>\n\n\n\n<p><\/p>\n\n\n\n<p>Volver\u00e1n a los patios de la escuela<\/p>\n\n\n\n<p>&nbsp;&nbsp;juegos, haza\u00f1as, infantiles ri\u00f1as<\/p>\n\n\n\n<p>&nbsp;&nbsp;y a las aulas la risa de las ni\u00f1as<\/p>\n\n\n\n<p>&nbsp;&nbsp;y la patria plasmada en acuarelas.<\/p>\n\n\n\n<p><\/p>\n\n\n\n<p>Porque un ma\u00f1ana que a\u00fan no est\u00e1 fechado<\/p>\n\n\n\n<p>pero que ya cercano se adivina,<\/p>\n\n\n\n<p>al mirar que con gesto fatigado<\/p>\n\n\n\n<p>&nbsp;&nbsp;a la luz matutina<\/p>\n\n\n\n<p>&nbsp;&nbsp;se descubren el rostro enamorado,<\/p>\n\n\n\n<p>sabremos todos que la patria ansina<\/p>\n\n\n\n<p>&nbsp;&nbsp;ser\u00e1 siempre impecable y diamantina.<\/p>\n\n\n\n<p><\/p>\n\n\n\n<p><strong>A los h\u00e9roes de nuestra medicina<\/strong><\/p>\n\n\n\n<p><strong>&nbsp;este versito queda dedicado;&nbsp;&nbsp;&nbsp;&nbsp;&nbsp;&nbsp;&nbsp;&nbsp;&nbsp;&nbsp;&nbsp;&nbsp;&nbsp;&nbsp;&nbsp;&nbsp;&nbsp;&nbsp;&nbsp;&nbsp;&nbsp;&nbsp;&nbsp;<\/strong><\/p>\n\n\n\n<p><strong>&nbsp;lo firma todo el pueblo, emocionado,<\/strong><\/p>\n\n\n\n<p><strong>&nbsp;y de su pu\u00f1o y letra, La Catrina.<\/strong><\/p>\n\n\n\n<p><\/p>\n\n\n\n<p>Yo, al fin, celebrar\u00e9 el rito,<\/p>\n\n\n\n<p>no sin dejarles un beso,<\/p>\n\n\n\n<p>de volver, hueso con hueso,<\/p>\n\n\n\n<p>a mi casa de granito.<\/p>\n\n\n\n<p>La vida es un adelanto,<\/p>\n\n\n\n<p>nos espera el camposanto\u2026<\/p>\n\n\n\n<p>Tengan calma, no hay apuro,<\/p>\n\n\n\n<p>no se salgan de costumbre.<\/p>\n\n\n\n<p>Entre tanta incertidumbre<\/p>\n\n\n\n<p>yo soy lo \u00fanico seguro.<\/p>\n\n\n\n<p><\/p>\n\n\n\n<p>Pero as\u00f3mense al mural<\/p>\n\n\n\n<p>&nbsp;y van a ver que ah\u00ed queda<\/p>\n\n\n\n<p>&nbsp;bien pintado a mis espaldas<\/p>\n\n\n\n<p>&nbsp;su difunto en la Alameda.<\/p>\n\n\n\n<p><strong><em>*Erando Gonz\u00e1lez es actor, m\u00fasico y escritor. Miembro de la Compa\u00f1\u00eda Nacional de Teatro.<\/em><\/strong><\/p>\n\n\n\n<p>(<strong>Texto en homenaje a Humberto Sp\u00edndola y representado en mon\u00f3logo por la actriz Julieta Egurrola este 1 de noviembre.)<\/strong><\/p>\n","protected":false},"excerpt":{"rendered":"<p>Por Erando Gonz\u00e1lez * Nos avisa el campanario que ya en nuestro calendario son de difuntos las fechas. Tantos caen bajo las flechas cargadas de tu amargor \u00a1Ah, pandemia maldecida &hellip; <a href=\"https:\/\/lavereda.com.mx\/index.php\/2020\/11\/02\/palabras-de-la-catrina\/\" class=\"more-link\">Leer m\u00e1s<\/a><\/p>\n","protected":false},"author":1,"featured_media":862,"comment_status":"open","ping_status":"open","sticky":false,"template":"","format":"standard","meta":{"footnotes":""},"categories":[5],"tags":[],"class_list":["post-860","post","type-post","status-publish","format-standard","has-post-thumbnail","hentry","category-letras-y-libros","entry"],"_links":{"self":[{"href":"https:\/\/lavereda.com.mx\/index.php\/wp-json\/wp\/v2\/posts\/860","targetHints":{"allow":["GET"]}}],"collection":[{"href":"https:\/\/lavereda.com.mx\/index.php\/wp-json\/wp\/v2\/posts"}],"about":[{"href":"https:\/\/lavereda.com.mx\/index.php\/wp-json\/wp\/v2\/types\/post"}],"author":[{"embeddable":true,"href":"https:\/\/lavereda.com.mx\/index.php\/wp-json\/wp\/v2\/users\/1"}],"replies":[{"embeddable":true,"href":"https:\/\/lavereda.com.mx\/index.php\/wp-json\/wp\/v2\/comments?post=860"}],"version-history":[{"count":4,"href":"https:\/\/lavereda.com.mx\/index.php\/wp-json\/wp\/v2\/posts\/860\/revisions"}],"predecessor-version":[{"id":868,"href":"https:\/\/lavereda.com.mx\/index.php\/wp-json\/wp\/v2\/posts\/860\/revisions\/868"}],"wp:featuredmedia":[{"embeddable":true,"href":"https:\/\/lavereda.com.mx\/index.php\/wp-json\/wp\/v2\/media\/862"}],"wp:attachment":[{"href":"https:\/\/lavereda.com.mx\/index.php\/wp-json\/wp\/v2\/media?parent=860"}],"wp:term":[{"taxonomy":"category","embeddable":true,"href":"https:\/\/lavereda.com.mx\/index.php\/wp-json\/wp\/v2\/categories?post=860"},{"taxonomy":"post_tag","embeddable":true,"href":"https:\/\/lavereda.com.mx\/index.php\/wp-json\/wp\/v2\/tags?post=860"}],"curies":[{"name":"wp","href":"https:\/\/api.w.org\/{rel}","templated":true}]}}