{"id":849,"date":"2020-10-30T23:34:59","date_gmt":"2020-10-30T23:34:59","guid":{"rendered":"http:\/\/lavereda.com.mx\/?p=849"},"modified":"2020-10-30T23:35:01","modified_gmt":"2020-10-30T23:35:01","slug":"cine-tv-mas-alla-de-la-luna","status":"publish","type":"post","link":"https:\/\/lavereda.com.mx\/index.php\/2020\/10\/30\/cine-tv-mas-alla-de-la-luna\/","title":{"rendered":"Cine TV: M\u00e1s all\u00e1 de la Luna"},"content":{"rendered":"\n<p><strong><em>(Over the Moon, 2020)<\/em><\/strong><\/p>\n\n\n\n<p>Fei Fei es una so\u00f1adora que quiere llegar a la Luna.<\/p>\n\n\n\n<p>\u00bfSer\u00e1 posible consumar un proyecto de esa descomunal naturaleza?<\/p>\n\n\n\n<p>Claro, con ayuda de la fantas\u00eda.<\/p>\n\n\n\n<p>M\u00e1s All\u00e1 de la Luna es una propuesta de animaci\u00f3n de Columbia Pictures que se enfoca en el mercado asi\u00e1tico, con una aventura ubicada en China.<\/p>\n\n\n\n<p>Luego de una p\u00e9rdida, la peque\u00f1a se siente triste y no est\u00e1 a gusto con el rumbo que ha tomado su vida familiar. Pap\u00e1 tiene planes con los que ella no est\u00e1 de acuerdo.<\/p>\n\n\n\n<p>Para escapar de su vida aburrida y superar la depresi\u00f3n, construye una nave para viajar al sat\u00e9lite natural. Su prop\u00f3sito es encontrar a una Diosa para verificar una leyenda que escuchaba de ni\u00f1a.<\/p>\n\n\n\n<p>La traves\u00eda es muy emocionante, y refiere de la determinaci\u00f3n de la peque\u00f1a, que superar\u00e1 cualquier obst\u00e1culo.<\/p>\n\n\n\n<blockquote class=\"wp-block-quote is-layout-flow wp-block-quote-is-layout-flow\"><p>Con una asombrosa animaci\u00f3n, que toma prestados muchos elementos de Pixar, la cinta de corte musical, es visualmente bella, aunque compleja en su desarrollo tem\u00e1tico.<\/p><\/blockquote>\n\n\n\n<p>Mientras busca desentra\u00f1ar el mito, Fei Fei pasa por situaciones muy divertidas hasta encontrarse con ese ser celestial, que la hace ver que la vida no siempre es justa y que, muchas veces, los anhelos no se cumplen, por cuestiones que escapan a la voluntad personal.<\/p>\n\n\n\n<p>M\u00e1s All\u00e1 de la Luna es una buena opci\u00f3n para ver en familia.<\/p>\n\n\n\n<p>La calidad de la animaci\u00f3n es de lo mejor.<\/p>\n\n\n\n<p>(PG. Orientaci\u00f3n de los padres)<\/p>\n\n\n\n<p>Netflix<\/p>\n\n\n\n<p>(PG. Orientaci\u00f3n de los padres)<\/p>\n\n\n\n<p>@LucianoCamposG<\/p>\n","protected":false},"excerpt":{"rendered":"<p>(Over the Moon, 2020) Fei Fei es una so\u00f1adora que quiere llegar a la Luna. \u00bfSer\u00e1 posible consumar un proyecto de esa descomunal naturaleza? Claro, con ayuda de la fantas\u00eda. &hellip; <a href=\"https:\/\/lavereda.com.mx\/index.php\/2020\/10\/30\/cine-tv-mas-alla-de-la-luna\/\" class=\"more-link\">Leer m\u00e1s<\/a><\/p>\n","protected":false},"author":3,"featured_media":850,"comment_status":"open","ping_status":"open","sticky":false,"template":"","format":"standard","meta":{"footnotes":""},"categories":[6,18],"tags":[],"class_list":["post-849","post","type-post","status-publish","format-standard","has-post-thumbnail","hentry","category-cinetv","category-lomasrelevante","entry"],"_links":{"self":[{"href":"https:\/\/lavereda.com.mx\/index.php\/wp-json\/wp\/v2\/posts\/849","targetHints":{"allow":["GET"]}}],"collection":[{"href":"https:\/\/lavereda.com.mx\/index.php\/wp-json\/wp\/v2\/posts"}],"about":[{"href":"https:\/\/lavereda.com.mx\/index.php\/wp-json\/wp\/v2\/types\/post"}],"author":[{"embeddable":true,"href":"https:\/\/lavereda.com.mx\/index.php\/wp-json\/wp\/v2\/users\/3"}],"replies":[{"embeddable":true,"href":"https:\/\/lavereda.com.mx\/index.php\/wp-json\/wp\/v2\/comments?post=849"}],"version-history":[{"count":1,"href":"https:\/\/lavereda.com.mx\/index.php\/wp-json\/wp\/v2\/posts\/849\/revisions"}],"predecessor-version":[{"id":851,"href":"https:\/\/lavereda.com.mx\/index.php\/wp-json\/wp\/v2\/posts\/849\/revisions\/851"}],"wp:featuredmedia":[{"embeddable":true,"href":"https:\/\/lavereda.com.mx\/index.php\/wp-json\/wp\/v2\/media\/850"}],"wp:attachment":[{"href":"https:\/\/lavereda.com.mx\/index.php\/wp-json\/wp\/v2\/media?parent=849"}],"wp:term":[{"taxonomy":"category","embeddable":true,"href":"https:\/\/lavereda.com.mx\/index.php\/wp-json\/wp\/v2\/categories?post=849"},{"taxonomy":"post_tag","embeddable":true,"href":"https:\/\/lavereda.com.mx\/index.php\/wp-json\/wp\/v2\/tags?post=849"}],"curies":[{"name":"wp","href":"https:\/\/api.w.org\/{rel}","templated":true}]}}