{"id":846,"date":"2020-10-30T18:16:29","date_gmt":"2020-10-30T18:16:29","guid":{"rendered":"http:\/\/lavereda.com.mx\/?p=846"},"modified":"2020-10-30T18:16:31","modified_gmt":"2020-10-30T18:16:31","slug":"invitan-a-celebrar-en-casa-el-dia-de-muertos","status":"publish","type":"post","link":"https:\/\/lavereda.com.mx\/index.php\/2020\/10\/30\/invitan-a-celebrar-en-casa-el-dia-de-muertos\/","title":{"rendered":"Invitan a celebrar en casa el D\u00eda de Muertos"},"content":{"rendered":"\n<ul class=\"wp-block-list\"><li><strong>La ofrenda titulada \u201cUna flor para cada alma\u201d, que se instala en el Patio de Honor de Palacio Nacional, se podr\u00e1 visitar a la distancia<\/strong><\/li><\/ul>\n\n\n\n<p>La secretaria de Cultura del Gobierno de M\u00e9xico, Alejandra Frausto Guerrero, invit\u00f3 a celebrar desde casa el D\u00eda de Muertos, una de las tradiciones m\u00e1s arraigadas en todo el territorio nacional, de una manera \u00edntima, a fin de preservar la salud ante la presencia de COVID-19.<\/p>\n\n\n\n<blockquote class=\"wp-block-quote is-layout-flow wp-block-quote-is-layout-flow\"><p>\u201cSomos una cultura privilegiada por tener esta posibilidad de di\u00e1logo desde la vida y de celebraci\u00f3n de la muerte desde la vida. (\u2026) Esta celebraci\u00f3n, que tiene un car\u00e1cter \u00edntimo, familiar, pero tambi\u00e9n comunitario, debe de ceder el espacio comunitario en esta ocasi\u00f3n\u201d, dijo.<\/p><\/blockquote>\n\n\n\n<p>Al participar en la conferencia de prensa vespertina, por invitaci\u00f3n del subsecretario de Prevenci\u00f3n y Promoci\u00f3n de la Salud, Hugo L\u00f3pez-Gatell Ram\u00edrez, la encargada de la pol\u00edtica cultural coment\u00f3 algunas de las muy diversas actividades que se tendr\u00e1n a trav\u00e9s de la plataforma Contigo en la distancia (<a href=\"https:\/\/contigoenladistancia.cultura.gob.mx\/\" target=\"_blank\" rel=\"noreferrer noopener\">https:\/\/contigoenladistancia.cultura.gob.mx\/<\/a>) para recordar a los seres queridos que han fallecido.&nbsp;<\/p>\n\n\n\n<blockquote class=\"wp-block-quote is-layout-flow wp-block-quote-is-layout-flow\"><p>\u201cLa invitaci\u00f3n es hacer las ofrendas en casa, a esta tradici\u00f3n que tenemos como pa\u00eds revivirla. (\u2026) Nuestras culturas son tan ricas, tan vivas, tan prodigiosas que tenemos una manera de conmemorar este momento tan duro que estamos viviendo con un homenaje de lo m\u00e1s vivo que tenemos, que son justamente, estas culturas\u201d, mencion\u00f3.<\/p><\/blockquote>\n\n\n\n<p>Alejandra Frausto Guerrero inform\u00f3 que la ofrenda titulada \u201cUna flor para cada alma\u201d, dedicada a las personas que han perdido la vida a causa de COVID-19, estar\u00e1 colocada en el Patio de Honor de Palacio Nacional; se podr\u00e1 visitar de manera virtual, a trav\u00e9s de los canales del Sistema P\u00fablico de Radiodifusi\u00f3n del Estado Mexicano (Canal 14, Canal 22, Canal 11, Capital 21, IMER, Radio Educaci\u00f3n) y por la plataforma Contigo en la distancia, redes sociales y p\u00e1ginas oficiales del Gobierno de M\u00e9xico.<\/p>\n\n\n\n<p>En esta ofrenda, dijo, se podr\u00e1n encontrar elementos tradicionales de 20 pueblos ind\u00edgenas de M\u00e9xico; su instalaci\u00f3n y visita virtual es un trabajo conjunto entre representantes de estas comunidades originarias, as\u00ed como del Gobierno de M\u00e9xico, a trav\u00e9s del Instituto Nacional de los Pueblos Ind\u00edgenas, la Secretar\u00eda de Cultura, el Instituto Nacional de Antropolog\u00eda e Historia, la Coordinaci\u00f3n General de Comunicaci\u00f3n Social y Vocer\u00eda del Gobierno de M\u00e9xico, y el Sistema P\u00fablico de Radiodifusi\u00f3n del Estado Mexicano, como lo instruy\u00f3 el presidente de M\u00e9xico, Andr\u00e9s Manuel L\u00f3pez Obrador.<\/p>\n\n\n\n<p>Record\u00f3 que a trav\u00e9s de la plataforma Contigo en la distancia se tienen preparadas diversas actividades culturales relacionadas al D\u00eda de Muertos, entre ellas, destaca el concierto de la artista Lila Downs titulado:&nbsp;<em>Canto a la Memoria,<\/em>&nbsp;\u201cpara conmemorar la memoria de quienes nos han dejado\u201d, el cual se podr\u00e1 disfrutar el s\u00e1bado 1 de noviembre a las 21:00 horas, a trav\u00e9s de Canal 22, el canal cultural de M\u00e9xico; en la plataforma Contigo en la distancia y en las redes sociales de la Secretar\u00eda de Cultura.<\/p>\n\n\n\n<p>Tambi\u00e9n est\u00e1n otras actividades, en el \u00e1mbito cinematogr\u00e1fico, por ejemplo, se encuentra Cine Mictl\u00e1n, ciclo especial de cine y documentales mexicanos conformado con acervo de la Secretar\u00eda de Cultura, a trav\u00e9s del Instituto Mexicano de Cinematograf\u00eda, y otras instituciones, en colaboraci\u00f3n con Capital 21; la ofrenda del Centro Cultural Tijuana dedicada al escritor Carlos Monsiv\u00e1is a 10 a\u00f1os de su muerte, que se podr\u00e1 apreciar, de manera virtual, el 2 de noviembre por Facebook:&nbsp;<a href=\"https:\/\/www.facebook.com\/cecut.mx\" target=\"_blank\" rel=\"noreferrer noopener\">\/cecut.mx<\/a>, a partir de las 18:00 horas.<\/p>\n\n\n\n<p>La&nbsp;Feria de las Calacas en su edici\u00f3n XX, dedicada a ni\u00f1as y ni\u00f1os, se realizar\u00e1 en formato virtual y compartir\u00e1 presentaciones art\u00edsticas y narraciones en vivo el 31 de octubre y el 1 de noviembre, a trav\u00e9s del Facebook&nbsp;&nbsp;<a href=\"https:\/\/www.facebook.com\/alasyraicescultura\/\" target=\"_blank\" rel=\"noreferrer noopener\">\/alasyraicescultura\/<\/a>&nbsp;y la plataforma&nbsp;<a href=\"http:\/\/contigoenladistancia.cultura.gob.mx\/\" target=\"_blank\" rel=\"noreferrer noopener\">contigoenladistancia.cultura.gob.mx<\/a>.<\/p>\n\n\n\n<p>De igual manera, una visita guiada, de manera virtual, a la exposici\u00f3n<em>&nbsp;Los xolos, compa\u00f1eros en el inframundo<\/em>, realizada por el Instituto Nacional de Antropolog\u00eda e Historia, se podr\u00e1 disfrutar el 1 de noviembre, a las 10:00 horas, por medio de la plataforma Zoom. Para participar en esta actividad hay que solicitar su inscripci\u00f3n en el correo electr\u00f3nico&nbsp;<a href=\"mailto:elcarmendifusion@gmail.com\" target=\"_blank\" rel=\"noreferrer noopener\">elcarmendifusion@gmail.com<\/a>&nbsp;para recibir la liga del evento.&nbsp;<\/p>\n\n\n\n<p>En su oportunidad, el titulr de la Direcci\u00f3n General de Culturas Populares, Ind\u00edgenas y Urbanas, Mardonio Carballo Manuel, comparti\u00f3 un mensaje en n\u00e1huatl, donde habl\u00f3 de la importancia de recordar a los seres queridos, honrar su memoria y recuerdo a trav\u00e9s de los elementos emblem\u00e1ticos de la ofrenda.<\/p>\n\n\n\n<blockquote class=\"wp-block-quote is-layout-flow wp-block-quote-is-layout-flow\"><p>\u00abAhora, en este planeta hay mucho dolor. Una enfermedad ha venido a recordarnos que no caminamos solos. Nos vino a decir que no seamos soberbios. Que no nos perdamos. Por eso, ahora ponle muchas flores, haz una comida que realmente le gustara a tu pariente. No te averg\u00fcences. Ll\u00f3rale. Dale de Comer. Dale agua, naranjas, calabazas, ca\u00f1as, dile que le amas, dile que nunca le olvidar\u00e1s, habla con ella, habla con \u00e9l, en tu lengua madre, por eso le decimos fiesta a estos d\u00edas, porque transformamos el dolor y nuestro conocimiento fortalece nuestro coraz\u00f3n\u201d.<\/p><\/blockquote>\n\n\n\n<p>\u00a0 \u00a0 \u00a0 \u00a0 \u00a0 \u00a0 \u00a0 \u00a0 \u00a0 \u00a0 \u00a0 \u00a0 \u00a0 \u00a0 \u00a0 \u00a0 \u00a0 \u00a0 \u00a0 \u00a0\u00a0\u00a0 \u00a0 \u00a0 \u00a0 \u00a0 \u00a0 \u00a0 \u00a0 \u00a0 \u00a0 \u00a0 \u00a0 \u00a0 \u00a0 \u00a0 \u00a0 \u00a0 \u00a0 \u00a0 \u00a0 \u00a0 \u00a0 \u00a0 \u00a0 \u00a0 \u00a0 \u00a0 \u00a0 \u00a0 \u00a0 \u00a0 \u00a0 \u00a0 \u00a0<\/p>\n","protected":false},"excerpt":{"rendered":"<p>La ofrenda titulada \u201cUna flor para cada alma\u201d, que se instala en el Patio de Honor de Palacio Nacional, se podr\u00e1 visitar a la distancia La secretaria de Cultura del &hellip; <a href=\"https:\/\/lavereda.com.mx\/index.php\/2020\/10\/30\/invitan-a-celebrar-en-casa-el-dia-de-muertos\/\" class=\"more-link\">Leer m\u00e1s<\/a><\/p>\n","protected":false},"author":1,"featured_media":847,"comment_status":"open","ping_status":"open","sticky":false,"template":"","format":"standard","meta":{"footnotes":""},"categories":[18,8],"tags":[],"class_list":["post-846","post","type-post","status-publish","format-standard","has-post-thumbnail","hentry","category-lomasrelevante","category-sociedad","entry"],"_links":{"self":[{"href":"https:\/\/lavereda.com.mx\/index.php\/wp-json\/wp\/v2\/posts\/846","targetHints":{"allow":["GET"]}}],"collection":[{"href":"https:\/\/lavereda.com.mx\/index.php\/wp-json\/wp\/v2\/posts"}],"about":[{"href":"https:\/\/lavereda.com.mx\/index.php\/wp-json\/wp\/v2\/types\/post"}],"author":[{"embeddable":true,"href":"https:\/\/lavereda.com.mx\/index.php\/wp-json\/wp\/v2\/users\/1"}],"replies":[{"embeddable":true,"href":"https:\/\/lavereda.com.mx\/index.php\/wp-json\/wp\/v2\/comments?post=846"}],"version-history":[{"count":1,"href":"https:\/\/lavereda.com.mx\/index.php\/wp-json\/wp\/v2\/posts\/846\/revisions"}],"predecessor-version":[{"id":848,"href":"https:\/\/lavereda.com.mx\/index.php\/wp-json\/wp\/v2\/posts\/846\/revisions\/848"}],"wp:featuredmedia":[{"embeddable":true,"href":"https:\/\/lavereda.com.mx\/index.php\/wp-json\/wp\/v2\/media\/847"}],"wp:attachment":[{"href":"https:\/\/lavereda.com.mx\/index.php\/wp-json\/wp\/v2\/media?parent=846"}],"wp:term":[{"taxonomy":"category","embeddable":true,"href":"https:\/\/lavereda.com.mx\/index.php\/wp-json\/wp\/v2\/categories?post=846"},{"taxonomy":"post_tag","embeddable":true,"href":"https:\/\/lavereda.com.mx\/index.php\/wp-json\/wp\/v2\/tags?post=846"}],"curies":[{"name":"wp","href":"https:\/\/api.w.org\/{rel}","templated":true}]}}