{"id":843,"date":"2020-10-29T21:26:27","date_gmt":"2020-10-29T21:26:27","guid":{"rendered":"http:\/\/lavereda.com.mx\/?p=843"},"modified":"2020-10-29T21:26:29","modified_gmt":"2020-10-29T21:26:29","slug":"lamentan-deceso-del-pintor-escultor-y-grabador-arturo-rivera","status":"publish","type":"post","link":"https:\/\/lavereda.com.mx\/index.php\/2020\/10\/29\/lamentan-deceso-del-pintor-escultor-y-grabador-arturo-rivera\/","title":{"rendered":"Lamentan deceso del pintor, escultor y grabador Arturo Rivera"},"content":{"rendered":"\n<ul class=\"wp-block-list\"><li><strong>Fund\u00f3 en Torre\u00f3n, Coahuila, desde el a\u00f1o 2000,\u00a0<em>El Chanate M\u00f3vil<\/em>,<br><\/strong><\/li><li><strong>En el a\u00f1o 2000 se present\u00f3 la muestra\u00a0<em>Arturo Rivera. El rostro de los vivos,\u00a0<\/em>en el Museo del Palacio de Bellas Artes\u00a0<\/strong><\/li><\/ul>\n\n\n\n<p>La Secretar\u00eda de Cultura del Gobierno de M\u00e9xico y el Instituto Nacional de Bellas Artes y Literatura (INBAL) lamentan el deceso del destacado artista Arturo Rivera, a la edad de 75 a\u00f1os, en la Ciudad de M\u00e9xico. Reconocido por un lenguaje visual entre lo terrible y la belleza, en el que plasmaba con gran destreza t\u00e9cnica temas como la muerte, la vejez, el instinto, la pesadilla y la deformidad, entre otros.&nbsp;<\/p>\n\n\n\n<blockquote class=\"wp-block-quote is-layout-flow wp-block-quote-is-layout-flow\"><p>La secretaria de Cultura, Alejandra Frausto Guerrero, al enviar sus condolencias a sus familiares, amigos y estudiantes, expres\u00f3 su pesar por la partida del maestro Arturo Rivera, quien fue admirado por su ense\u00f1anza y virtuosismo. \u201cSu mirada fue excepcional en el campo de la pintura mexicana, con t\u00e9cnica rigurosa desnud\u00f3 la condici\u00f3n humana\u201d.\u00a0<\/p><\/blockquote>\n\n\n\n<p>Por su parte, la directora general del INBAL, Lucina Jim\u00e9nez L\u00f3pez, expres\u00f3: <\/p>\n\n\n\n<blockquote class=\"wp-block-quote is-layout-flow wp-block-quote-is-layout-flow\"><p>\u201cReconocimiento y gratitud en el camino eterno de Arturo Rivera, gran pintor cuya vida y obra est\u00e1 entre los grandes. Un maestro cuya trayectoria cruz\u00f3 fronteras y generaciones\u201d.\u00a0<\/p><\/blockquote>\n\n\n\n<p>La obra de Arturo Rivera, un gran legado a la pl\u00e1stica nacional&nbsp;<\/p>\n\n\n\n<p>Arturo Rivera naci\u00f3 en la Ciudad de M\u00e9xico en 1945. Estudi\u00f3 pintura en la Academia de San Carlos (1963-1968) y, serigraf\u00eda y fotoserigraf\u00eda en The City Lit Art School de Londres (1973-1974). Si bien tuvo que trabajar como ayudante de cocinero, obrero y alba\u00f1il para sobrevivir, en 1979, el pintor Mac Zimmerman conoci\u00f3 una obra de Arturo Rivera y lo invit\u00f3 a trabajar con \u00e9l en una ayudant\u00eda en la Kunstakademie de M\u00fanich, Alemania.&nbsp;&nbsp;<\/p>\n\n\n\n<p>Un a\u00f1o despu\u00e9s, regres\u00f3 a M\u00e9xico invitado por el muse\u00f3grafo, curador y promotor cultural Fernando Gamboa, para exponer por primera vez en el Museo de Arte Moderno de M\u00e9xico (MAM), en 1982. A\u00f1os m\u00e1s tarde, en este mismo recinto present\u00f3 la muestra&nbsp;<em>Bodas en el cielo y el infierno<\/em>&nbsp;(1995).<em>&nbsp;<\/em>En el 2000 expuso en el Museo del Palacio de Bellas Artes la muestra&nbsp;<em>Arturo Rivera. El rostro de los vivos&nbsp;<\/em>y en 2004 mont\u00f3&nbsp;<em>Anatom\u00eda: Di\u00e1logo entre ciencia y arte,<\/em>&nbsp;en el Instituto de Artes Gr\u00e1ficas de Oaxaca.&nbsp;<\/p>\n\n\n\n<p>Logr\u00f3 mostrar sus obras en numerosas exposiciones colectivas en: Nueva York, Chicago, Puerto Rico, M\u00fanich, Medell\u00edn, Roma, Berl\u00edn, Par\u00eds, Tokio, Londres, Polonia y los pa\u00edses n\u00f3rdicos. Sus exposiciones individuales se llevaron a cabo principalmente en M\u00e9xico y Estados Unidos.&nbsp;<\/p>\n\n\n\n<p>Fund\u00f3 en Torre\u00f3n, Coahuila, desde el a\u00f1o 2000,&nbsp;<em>El Chanate M\u00f3vil<\/em>, un taller de gr\u00e1fica montado en triciclos, el cual buscaba la democratizaci\u00f3n del arte al llevar esta expresi\u00f3n art\u00edstica a los barrios m\u00e1s marginados de esta zona; desde entonces, se ha ido consolidando por decenas de artistas.&nbsp;<\/p>\n\n\n\n<p>En 2005 gan\u00f3 el Primer Premio en la Bienal Internacional de Arte de Beijing con la obra&nbsp;<em>Llegando a Nueva York<\/em>, la cual ahora forma parte de la colecci\u00f3n del Museo Nacional de Arte de China.&nbsp;<\/p>\n\n\n\n<p>Su obra est\u00e1 integrada a importantes colecciones, entre ellas destacan la del Museo de la Tertulia de Cali, Colombia; el Banco Central de Quito, Ecuador; el Museo de Arte Contempor\u00e1neo de Monterrey, M\u00e9xico; el Instituto Cultural Mexicano en Washington; el Haus der Kunst, M\u00fanich; la Casa de las Am\u00e9ricas, en Cuba, y en el Instituto de la Cultura Puertorrique\u00f1a, Puerto Rico. El INBAL resguarda obra del artista en el acervo del Museo Nacional de la Estampa (Munae).&nbsp;&nbsp;<\/p>\n","protected":false},"excerpt":{"rendered":"<p>Fund\u00f3 en Torre\u00f3n, Coahuila, desde el a\u00f1o 2000,\u00a0El Chanate M\u00f3vil, En el a\u00f1o 2000 se present\u00f3 la muestra\u00a0Arturo Rivera. El rostro de los vivos,\u00a0en el Museo del Palacio de Bellas &hellip; <a href=\"https:\/\/lavereda.com.mx\/index.php\/2020\/10\/29\/lamentan-deceso-del-pintor-escultor-y-grabador-arturo-rivera\/\" class=\"more-link\">Leer m\u00e1s<\/a><\/p>\n","protected":false},"author":1,"featured_media":844,"comment_status":"open","ping_status":"open","sticky":false,"template":"","format":"standard","meta":{"footnotes":""},"categories":[3,18],"tags":[],"class_list":["post-843","post","type-post","status-publish","format-standard","has-post-thumbnail","hentry","category-artes-visuales","category-lomasrelevante","entry"],"_links":{"self":[{"href":"https:\/\/lavereda.com.mx\/index.php\/wp-json\/wp\/v2\/posts\/843","targetHints":{"allow":["GET"]}}],"collection":[{"href":"https:\/\/lavereda.com.mx\/index.php\/wp-json\/wp\/v2\/posts"}],"about":[{"href":"https:\/\/lavereda.com.mx\/index.php\/wp-json\/wp\/v2\/types\/post"}],"author":[{"embeddable":true,"href":"https:\/\/lavereda.com.mx\/index.php\/wp-json\/wp\/v2\/users\/1"}],"replies":[{"embeddable":true,"href":"https:\/\/lavereda.com.mx\/index.php\/wp-json\/wp\/v2\/comments?post=843"}],"version-history":[{"count":1,"href":"https:\/\/lavereda.com.mx\/index.php\/wp-json\/wp\/v2\/posts\/843\/revisions"}],"predecessor-version":[{"id":845,"href":"https:\/\/lavereda.com.mx\/index.php\/wp-json\/wp\/v2\/posts\/843\/revisions\/845"}],"wp:featuredmedia":[{"embeddable":true,"href":"https:\/\/lavereda.com.mx\/index.php\/wp-json\/wp\/v2\/media\/844"}],"wp:attachment":[{"href":"https:\/\/lavereda.com.mx\/index.php\/wp-json\/wp\/v2\/media?parent=843"}],"wp:term":[{"taxonomy":"category","embeddable":true,"href":"https:\/\/lavereda.com.mx\/index.php\/wp-json\/wp\/v2\/categories?post=843"},{"taxonomy":"post_tag","embeddable":true,"href":"https:\/\/lavereda.com.mx\/index.php\/wp-json\/wp\/v2\/tags?post=843"}],"curies":[{"name":"wp","href":"https:\/\/api.w.org\/{rel}","templated":true}]}}