{"id":836,"date":"2020-10-29T16:18:59","date_gmt":"2020-10-29T16:18:59","guid":{"rendered":"http:\/\/lavereda.com.mx\/?p=836"},"modified":"2020-10-29T19:06:03","modified_gmt":"2020-10-29T19:06:03","slug":"proponen-modelo-para-denunciar-violencia-de-genero","status":"publish","type":"post","link":"https:\/\/lavereda.com.mx\/index.php\/2020\/10\/29\/proponen-modelo-para-denunciar-violencia-de-genero\/","title":{"rendered":"Proponen modelo para denunciar violencia de g\u00e9nero"},"content":{"rendered":"\n<ul class=\"wp-block-list\"><li><strong><em>Fueron 79 las instituciones p\u00fablicas y privadas que presentaron manifestaciones de este tipo, en universidades y escuelas preparatorias.<\/em><\/strong><\/li><\/ul>\n\n\n\n<p>Dentro de las\u00a0<em>Jornadas de Perspectiva de G\u00e9nero<\/em> de la Universidad Aut\u00f3noma de Coahuila se present\u00f3 a la comunidad universitaria el Modelo de sistematizaci\u00f3n de denuncias p\u00fablicas, denominado \u201cSistema de gesti\u00f3n en materia de g\u00e9nero\u201d.<\/p>\n\n\n\n<p>El Instituto de Investigaci\u00f3n para el Desarrollo Integral de la Mujer Universitaria (IIDIMU) de la Universidad Aut\u00f3noma de Coahuila (UAdeC) Unidad Torre\u00f3n, dio a conocer esta propuesta que se hace a las instituciones educativas para que, en aras de coadyuvar a la erradicaci\u00f3n de la violencia entre las y los j\u00f3venes, las autoridades pudieran permitir esta acci\u00f3n en sus planteles.&nbsp;<\/p>\n\n\n\n<p>Con ello, se sistematizar\u00edan estas manifestaciones recabadas a trav\u00e9s de tendederos, buzones o muros de denuncia, lo que permitir\u00eda investigar y emitir recomendaciones e iniciativas que disminuyan y erradiquen&nbsp;&nbsp;la violencia de g\u00e9nero que se presenta.&nbsp;<\/p>\n\n\n\n<p>Las Jornadas de Perspectiva de G\u00e9nero se llevan a cabo desde el pasado lunes v\u00eda plataformas digitales, con la participaci\u00f3n de especialistas en la materia como Katy Salinas Directora del Instituto Coahuilense de las Mujeres; Martha Silvia Arguelles Presidenta de la Comunidad de Instituciones de Educaci\u00f3n Superior de la Laguna (CIESLag); Lino Rodr\u00edguez S\u00e1nchez, secretario general de la Secci\u00f3n de Escuelas y Facultades de Contadur\u00eda y Administraci\u00f3n; Lorena Torres Zamora, directora de la Regi\u00f3n Laguna del Instituto Coahuilense de las Mujeres; Claudia Murillo Medina, directora del Instituto Municipal de la Mujer de Torre\u00f3n; Laura Hern\u00e1ndez Esquivel, directora Acad\u00e9mica del INCIDE; Ariadne Lamont, directora de Incidencia y Acompa\u00f1amiento de V\u00edctimas; Marisol D\u00edaz Valencia, del Tribunal Universitario de la UAdeC; Magda Yadira Robles, defensora de los Derechos Universitarios, y la Maestra Lorena Argentina Medina Bocanegra, coordinadora en la Unidad Torre\u00f3n del IIDIMU.<\/p>\n\n\n\n<p>Katy Salinas resalt\u00f3 que es importante que en el contexto que se vive hoy en el pa\u00eds, las mujeres y grupos feministas alcen la mano ante la violencia y pidan justicia. A\u00f1adi\u00f3 que el que la UAdeC est\u00e9 sistematizando las denuncias ser\u00e1 una gran responsabilidad, y gracias a ello se pueda lograr algo importante<\/p>\n\n\n\n<p>Lorena Medina, por su parte, inform\u00f3 que recopilaron lo expuesto en&nbsp;tendederos de denuncia en 31 de los 32 estados de la rep\u00fablica, siendo Tlaxcala el \u00fanico donde no se encontraron noticias. Fueron 79 las instituciones p\u00fablicas y privadas que presentaron manifestaciones de este tipo, en universidades y escuelas preparatorias.<\/p>\n\n\n\n<p>A partir de la creaci\u00f3n del Instituto de Investigaci\u00f3n, se constituy\u00f3 como la instancia precursora y centrada en generar mejores condiciones para el sexo femenino de la universidad, centrada en la atenci\u00f3n de manifestaciones de denuncias p\u00fablicas. \u00abEste tipo de investigaci\u00f3n es participativa, y nos proporciona oportunidad de acercamiento solicitado\u00bb, dijo Medina Bocanegra.<\/p>\n\n\n\n<p>Dijo que se est\u00e1n conociendo de estos hechos para clasificar sus evidencias seg\u00fan&nbsp;hayan sido o sean los casos, y que involucren -identificados o no- a propios estudiantes, docentes, personal administrativo, familiares, personas cercanas, acoso callejero y frases que atenten contra su dignidad.<\/p>\n\n\n\n<p>Hubo un reporte con los resultados y gr\u00e1ficas que fueron presentadas a las escuelas donde se realiz\u00f3 el tendedero, buz\u00f3n o muro, y que fue presentado al rector de la universidad, Salvador V\u00e9lez. El total de las expresiones generadas en seis escuelas fue de mil nueve, con 597 denuncias p\u00fablicas directas, y 412 de frases de contenci\u00f3n&nbsp;colectiva.<\/p>\n","protected":false},"excerpt":{"rendered":"<p>Fueron 79 las instituciones p\u00fablicas y privadas que presentaron manifestaciones de este tipo, en universidades y escuelas preparatorias. Dentro de las\u00a0Jornadas de Perspectiva de G\u00e9nero de la Universidad Aut\u00f3noma de &hellip; <a href=\"https:\/\/lavereda.com.mx\/index.php\/2020\/10\/29\/proponen-modelo-para-denunciar-violencia-de-genero\/\" class=\"more-link\">Leer m\u00e1s<\/a><\/p>\n","protected":false},"author":1,"featured_media":837,"comment_status":"open","ping_status":"open","sticky":false,"template":"","format":"standard","meta":{"footnotes":""},"categories":[8],"tags":[],"class_list":["post-836","post","type-post","status-publish","format-standard","has-post-thumbnail","hentry","category-sociedad","entry"],"_links":{"self":[{"href":"https:\/\/lavereda.com.mx\/index.php\/wp-json\/wp\/v2\/posts\/836","targetHints":{"allow":["GET"]}}],"collection":[{"href":"https:\/\/lavereda.com.mx\/index.php\/wp-json\/wp\/v2\/posts"}],"about":[{"href":"https:\/\/lavereda.com.mx\/index.php\/wp-json\/wp\/v2\/types\/post"}],"author":[{"embeddable":true,"href":"https:\/\/lavereda.com.mx\/index.php\/wp-json\/wp\/v2\/users\/1"}],"replies":[{"embeddable":true,"href":"https:\/\/lavereda.com.mx\/index.php\/wp-json\/wp\/v2\/comments?post=836"}],"version-history":[{"count":2,"href":"https:\/\/lavereda.com.mx\/index.php\/wp-json\/wp\/v2\/posts\/836\/revisions"}],"predecessor-version":[{"id":842,"href":"https:\/\/lavereda.com.mx\/index.php\/wp-json\/wp\/v2\/posts\/836\/revisions\/842"}],"wp:featuredmedia":[{"embeddable":true,"href":"https:\/\/lavereda.com.mx\/index.php\/wp-json\/wp\/v2\/media\/837"}],"wp:attachment":[{"href":"https:\/\/lavereda.com.mx\/index.php\/wp-json\/wp\/v2\/media?parent=836"}],"wp:term":[{"taxonomy":"category","embeddable":true,"href":"https:\/\/lavereda.com.mx\/index.php\/wp-json\/wp\/v2\/categories?post=836"},{"taxonomy":"post_tag","embeddable":true,"href":"https:\/\/lavereda.com.mx\/index.php\/wp-json\/wp\/v2\/tags?post=836"}],"curies":[{"name":"wp","href":"https:\/\/api.w.org\/{rel}","templated":true}]}}