{"id":818,"date":"2020-10-27T19:09:36","date_gmt":"2020-10-27T19:09:36","guid":{"rendered":"http:\/\/lavereda.com.mx\/?p=818"},"modified":"2020-10-27T19:09:38","modified_gmt":"2020-10-27T19:09:38","slug":"anuncian-ganadores-de-la-muestra-estatal-de-teatro-2","status":"publish","type":"post","link":"https:\/\/lavereda.com.mx\/index.php\/2020\/10\/27\/anuncian-ganadores-de-la-muestra-estatal-de-teatro-2\/","title":{"rendered":"Anuncian ganadores de la Muestra Estatal de Teatro"},"content":{"rendered":"\n<p>La Secretar\u00eda de Cultura de Coahuila dio a conocer a los ganadores de la Muestra Estatal de Teatro (MET), que finaliz\u00f3 con gran \u00e9xito el d\u00eda ayer.<\/p>\n\n\n\n<p>Las dos \u00faltimas obras presentadas fueron: \u201cEjercicio para \u00e1ngeles\u201d, de Luis Javier Alvarado, con la Compa\u00f1\u00eda Grupo Ecl\u00e9ctico de Teatro, y \u201cRoma al final de la v\u00eda\u201d, de Daniel Serrano, con la Compa\u00f1\u00eda: Origen Teatro.<\/p>\n\n\n\n<p>Al respecto, la Secretaria de Cultura, Ana Sof\u00eda Garc\u00eda Camil, expres\u00f3 que esta muestra se llev\u00f3 a cabo de manera exitosa respetando los protocolos establecidos previamente por las autoridades competentes.<\/p>\n\n\n\n<blockquote class=\"wp-block-quote is-layout-flow wp-block-quote-is-layout-flow\"><p>\u201cNos fue muy bien, logramos que se difundieran las distintas obras, todas de gran calidad. Bajo la nueva normalidad estuvimos atentos a las medidas sanitarias, las cuales respetamos ya que deseamos que poco a poco vayamos regresando el arte y la cultura a estos recintos\u201d, dijo.<\/p><\/blockquote>\n\n\n\n<p>De igual manera, Garc\u00eda Camil detall\u00f3 que las siguientes obras fueron las ganadoras de la Muestra Estatal de Teatro Coahuila 2020:<\/p>\n\n\n\n<ul class=\"wp-block-list\"><li>\u201cBubble Gum\u201d, de Edelberto \u201cPilo\u201d Galindo, dirigida por Arnulfo Reveles y presentada por la Compa\u00f1\u00eda Detestable Teatro de Torre\u00f3n.<\/li><\/ul>\n\n\n\n<ul class=\"wp-block-list\"><li>La obra suplente es \u201cRoma al final de la v\u00eda\u201d, de Daniel Serrano, con la Compa\u00f1\u00eda Origen Teatro, la cual fue dirigida por Martha Matamoros.<\/li><\/ul>\n\n\n\n<ul class=\"wp-block-list\"><li>El premio al Artista Esc\u00e9nico fue para Antonio Calder\u00f3n, de la obra \u201cEl Yeitotol\u201d, de Ver\u00f3nica Maldonado.<\/li><\/ul>\n\n\n\n<ul class=\"wp-block-list\"><li>Adem\u00e1s de las menciones honor\u00edficas para los artistas esc\u00e9nicos: Andrea Galindo, de la obra \u201cLa solitaria y tormentosa vida de Gregorio y sus cuadernos\u201d; y Mace Medina, de la obra \u201cEn el desierto no hay sirenas\u201d, de Edoardo Torres.<\/li><\/ul>\n\n\n\n<ul class=\"wp-block-list\"><li>En cuanto al trabajo t\u00e9cnico, la menci\u00f3n honor\u00edfica fue para Emmanuel Garza, de la obra \u201cRoma al final de la v\u00eda\u201d, de Daniel Serrano.<\/li><\/ul>\n\n\n\n<blockquote class=\"wp-block-quote is-layout-flow wp-block-quote-is-layout-flow\"><p>\u201cPrimero agradecemos el gran trabajo que realizaron todos los involucrados en esta muestra, y para los ganadores nuestra felicitaci\u00f3n\u00a0\u00a0y reconocimiento por el amor, la energ\u00eda y la calidad que pusieron en las obras presentadas\u201d, dijo Garc\u00eda Camil.<\/p><\/blockquote>\n\n\n\n<p>Por \u00faltimo, agradeci\u00f3 de igual manera el trabajo del jurado calificador que particip\u00f3 de la muestra teatral, siendo los jueces:<\/p>\n\n\n\n<p>Clarissa Malheiros (Brasil\/CDMX).- Es actriz, maestra, directora. En Brasil curs\u00f3 la Licenciatura en Artes Esc\u00e9nicas; en Nueva York tom\u00f3 clases con Jerzy Grotowski en la Columbia University. En Par\u00eds estudi\u00f3 dos a\u00f1os en la \u00c9cole Internationale de The\u00e2tre de Mouvement Jacques Lecoq.<\/p>\n\n\n\n<p>Ana Laura Herrera Ortega (Durango).- Cofundadora de la compa\u00f1\u00eda Cuerda Floja desde 2006, donde ha experimentado en varias \u00e1reas art\u00edsticas que abarcan desde escenograf\u00eda, musicalizaci\u00f3n, iluminaci\u00f3n, dise\u00f1o de vestuario, elementos circenses, hasta teatro, t\u00edteres y cajas misteriosas, s\u00f3lo por mencionar algunas.<\/p>\n\n\n\n<p>Octavio Michel (CDMX).- Egresado del Centro Universitario de Teatro (CUT) de la UNAM, tambi\u00e9n es egresado del curso de actuaci\u00f3n Integral en el Centro de Arte Dram\u00e1tico (CADAC), y del primer diplomado de direcci\u00f3n esc\u00e9nica de CasAzul Argos Artes Esc\u00e9nicas.<\/p>\n","protected":false},"excerpt":{"rendered":"<p>La Secretar\u00eda de Cultura de Coahuila dio a conocer a los ganadores de la Muestra Estatal de Teatro (MET), que finaliz\u00f3 con gran \u00e9xito el d\u00eda ayer. Las dos \u00faltimas &hellip; <a href=\"https:\/\/lavereda.com.mx\/index.php\/2020\/10\/27\/anuncian-ganadores-de-la-muestra-estatal-de-teatro-2\/\" class=\"more-link\">Leer m\u00e1s<\/a><\/p>\n","protected":false},"author":1,"featured_media":819,"comment_status":"open","ping_status":"open","sticky":false,"template":"","format":"standard","meta":{"footnotes":""},"categories":[2,18],"tags":[],"class_list":["post-818","post","type-post","status-publish","format-standard","has-post-thumbnail","hentry","category-artes-escenicas","category-lomasrelevante","entry"],"_links":{"self":[{"href":"https:\/\/lavereda.com.mx\/index.php\/wp-json\/wp\/v2\/posts\/818","targetHints":{"allow":["GET"]}}],"collection":[{"href":"https:\/\/lavereda.com.mx\/index.php\/wp-json\/wp\/v2\/posts"}],"about":[{"href":"https:\/\/lavereda.com.mx\/index.php\/wp-json\/wp\/v2\/types\/post"}],"author":[{"embeddable":true,"href":"https:\/\/lavereda.com.mx\/index.php\/wp-json\/wp\/v2\/users\/1"}],"replies":[{"embeddable":true,"href":"https:\/\/lavereda.com.mx\/index.php\/wp-json\/wp\/v2\/comments?post=818"}],"version-history":[{"count":1,"href":"https:\/\/lavereda.com.mx\/index.php\/wp-json\/wp\/v2\/posts\/818\/revisions"}],"predecessor-version":[{"id":820,"href":"https:\/\/lavereda.com.mx\/index.php\/wp-json\/wp\/v2\/posts\/818\/revisions\/820"}],"wp:featuredmedia":[{"embeddable":true,"href":"https:\/\/lavereda.com.mx\/index.php\/wp-json\/wp\/v2\/media\/819"}],"wp:attachment":[{"href":"https:\/\/lavereda.com.mx\/index.php\/wp-json\/wp\/v2\/media?parent=818"}],"wp:term":[{"taxonomy":"category","embeddable":true,"href":"https:\/\/lavereda.com.mx\/index.php\/wp-json\/wp\/v2\/categories?post=818"},{"taxonomy":"post_tag","embeddable":true,"href":"https:\/\/lavereda.com.mx\/index.php\/wp-json\/wp\/v2\/tags?post=818"}],"curies":[{"name":"wp","href":"https:\/\/api.w.org\/{rel}","templated":true}]}}