{"id":8172,"date":"2026-09-03T01:17:36","date_gmt":"2026-09-03T01:17:36","guid":{"rendered":"https:\/\/lavereda.com.mx\/?p=8172"},"modified":"2026-09-03T01:17:36","modified_gmt":"2026-09-03T01:17:36","slug":"galeria-del-can-presenta-exposicion-dentro-de-fotoseptiembre-2026","status":"publish","type":"post","link":"https:\/\/lavereda.com.mx\/index.php\/2026\/09\/03\/galeria-del-can-presenta-exposicion-dentro-de-fotoseptiembre-2026\/","title":{"rendered":"Galer\u00eda del CAN presenta exposici\u00f3n dentro de Fotoseptiembre 2026"},"content":{"rendered":"\n<p>La Galer\u00eda del Centro de Artes del Norte (CAN) anunci\u00f3 la inauguraci\u00f3n de la exposici\u00f3n fotogr\u00e1fica: \u00abVolar: el sue\u00f1o de los hombres y los p\u00e1jaros enfermos\u00bb de Isaac Ramos, una muestra que que invita a reflexionar sobre nuestro espacio urbano y el de las especies con las que cohabitamos; y forma parte de las actividades de Red de la Imagen FOTOSEPTIEMBRE 2026, un festival internacional de fotograf\u00eda de M\u00e9xico organizado por el Centro de la Imagen.<\/p>\n\n\n\n<p>La inauguraci\u00f3n es este jueves 3 de septiembre a las 20:00 horas y la muestra permanecer\u00e1 abierta al p\u00fablico hasta el 24 de septiembre de este a\u00f1o, en las instalaciones en Casa La Morelos de Torre\u00f3n.<\/p>\n\n\n\n<p>Isaac Ramos egresado del diplomado de Iniciaci\u00f3n a las Artes en el el Centro de Artes del Norte (CAN), obtuvo el primer lugar en el concurso Hojas de Oto\u00f1o de la Universidad Iberoamericana Torre\u00f3n. Fue seleccionado a d\u00fao con Aztrosharper en el concurso El lado C de la animaci\u00f3n, organizado por Glitched Films en Morelia, Michoac\u00e1n. Fue seleccionado para el Festival Pixeatl en Guadalajara, Jalisco. Fue asesorado en el Programa de Asesor\u00edas de Proyectos Culturales del Centro Nacional de las Artes (CENART). Su trabajo ha sido mostrado en Linooll\u00f5ikekonkurss 2025 y en el TYPA Letterpress and Paper Art Centre de Tart\u00fa, Estonia junto a sus compa\u00f1eros de grabado del CAN. <\/p>\n\n\n\n<p>La Galer\u00eda del Centro de Artes del Norte es un espacio dedicado a la promoci\u00f3n y difusi\u00f3n de las artes visuales en la regi\u00f3n lagunera, se distingue por su compromiso con el pensamiento cr\u00edtico y la exhibici\u00f3n de propuestas contempor\u00e1neas que dialogan con el contexto social y ecol\u00f3gico del norte de M\u00e9xico.<\/p>\n","protected":false},"excerpt":{"rendered":"<p>La Galer\u00eda del Centro de Artes del Norte (CAN) anunci\u00f3 la inauguraci\u00f3n de la exposici\u00f3n fotogr\u00e1fica: \u00abVolar: el sue\u00f1o de los hombres y los p\u00e1jaros enfermos\u00bb de Isaac Ramos, una &hellip; <a href=\"https:\/\/lavereda.com.mx\/index.php\/2026\/09\/03\/galeria-del-can-presenta-exposicion-dentro-de-fotoseptiembre-2026\/\" class=\"more-link\">Leer m\u00e1s<\/a><\/p>\n","protected":false},"author":9,"featured_media":8173,"comment_status":"open","ping_status":"open","sticky":false,"template":"","format":"standard","meta":{"footnotes":""},"categories":[3],"tags":[270],"class_list":["post-8172","post","type-post","status-publish","format-standard","has-post-thumbnail","hentry","category-artes-visuales","tag-centro-de-artes-del-norte","entry"],"_links":{"self":[{"href":"https:\/\/lavereda.com.mx\/index.php\/wp-json\/wp\/v2\/posts\/8172","targetHints":{"allow":["GET"]}}],"collection":[{"href":"https:\/\/lavereda.com.mx\/index.php\/wp-json\/wp\/v2\/posts"}],"about":[{"href":"https:\/\/lavereda.com.mx\/index.php\/wp-json\/wp\/v2\/types\/post"}],"author":[{"embeddable":true,"href":"https:\/\/lavereda.com.mx\/index.php\/wp-json\/wp\/v2\/users\/9"}],"replies":[{"embeddable":true,"href":"https:\/\/lavereda.com.mx\/index.php\/wp-json\/wp\/v2\/comments?post=8172"}],"version-history":[{"count":1,"href":"https:\/\/lavereda.com.mx\/index.php\/wp-json\/wp\/v2\/posts\/8172\/revisions"}],"predecessor-version":[{"id":8174,"href":"https:\/\/lavereda.com.mx\/index.php\/wp-json\/wp\/v2\/posts\/8172\/revisions\/8174"}],"wp:featuredmedia":[{"embeddable":true,"href":"https:\/\/lavereda.com.mx\/index.php\/wp-json\/wp\/v2\/media\/8173"}],"wp:attachment":[{"href":"https:\/\/lavereda.com.mx\/index.php\/wp-json\/wp\/v2\/media?parent=8172"}],"wp:term":[{"taxonomy":"category","embeddable":true,"href":"https:\/\/lavereda.com.mx\/index.php\/wp-json\/wp\/v2\/categories?post=8172"},{"taxonomy":"post_tag","embeddable":true,"href":"https:\/\/lavereda.com.mx\/index.php\/wp-json\/wp\/v2\/tags?post=8172"}],"curies":[{"name":"wp","href":"https:\/\/api.w.org\/{rel}","templated":true}]}}