{"id":806,"date":"2020-10-22T17:13:07","date_gmt":"2020-10-22T17:13:07","guid":{"rendered":"http:\/\/lavereda.com.mx\/?p=806"},"modified":"2020-10-22T17:13:09","modified_gmt":"2020-10-22T17:13:09","slug":"una-serenata-para-instrumentos-de-viento","status":"publish","type":"post","link":"https:\/\/lavereda.com.mx\/index.php\/2020\/10\/22\/una-serenata-para-instrumentos-de-viento\/","title":{"rendered":"Una Serenata para instrumentos de viento"},"content":{"rendered":"\n<p>La Camerata de Coahuila presentar\u00e1 su quinto concierto de la temporada oto\u00f1o invierno 2020\u00a0\u201cSerenata\u201d\u00a0desde el centro cultural Casa Mud\u00e9jar, bajo la batuta del maestro Ram\u00f3n Shade. La transmisi\u00f3n v\u00eda la p\u00e1gina de Facebook de la orquesta, ser\u00e1 este viernes 23 de octubre, a las 20:30 horas.<\/p>\n\n\n\n<p>El concierto ser\u00e1 conformado por&nbsp;\u201cSerenata para instrumentos de viento, Op.44\u201d&nbsp;compuesta en 1878 por Anton\u00edn Dvorak.<\/p>\n\n\n\n<p>La Serenata para vientos Op 44, responde a los patrones de la forma de principios del clasicismo: instrumentos de vientos m\u00e1s contrabajo y violonchelo. La estructura de m\u00faltiples movimientos, t\u00edpica de la serenata, se encuentra en este caso reducida a cuatro, n\u00famero que guarda relaci\u00f3n con los movimientos de la sinfon\u00eda, lo que evidencia la conexi\u00f3n entre ambos g\u00e9neros.<\/p>\n\n\n\n<p>Anton\u00edn Dvorak estaba en Viena y qued\u00f3 tan impresionado por una interpretaci\u00f3n de la Serenata para viento en si bemol mayor, K. 361, de Mozart que escribi\u00f3 su propia serenata para viento en el lapso de dos semanas tras su vuelta. Tomando la obra de Mozart como modelo.<\/p>\n\n\n\n<p>En el quinto concierto se contar\u00e1 con la participaci\u00f3n en los oboes Ioseb Gamilagdishvili y Borja Pareja; en los clarinetes Juan Jos\u00e9 Carre\u00f3n y Fernando Guijarro; en los fagots Konstantin Melik- Vrtanesyan y Juan Pablo Linares; en los cornos Juan Caltzontzin, Arturo Ortiz y Sergei Marouchtchak; en el violoncello Laila Kanni\u00f1a y en el contrabajo Augusto Albores.<\/p>\n","protected":false},"excerpt":{"rendered":"<p>La Camerata de Coahuila presentar\u00e1 su quinto concierto de la temporada oto\u00f1o invierno 2020\u00a0\u201cSerenata\u201d\u00a0desde el centro cultural Casa Mud\u00e9jar, bajo la batuta del maestro Ram\u00f3n Shade. La transmisi\u00f3n v\u00eda la &hellip; <a href=\"https:\/\/lavereda.com.mx\/index.php\/2020\/10\/22\/una-serenata-para-instrumentos-de-viento\/\" class=\"more-link\">Leer m\u00e1s<\/a><\/p>\n","protected":false},"author":1,"featured_media":807,"comment_status":"open","ping_status":"open","sticky":false,"template":"","format":"standard","meta":{"footnotes":""},"categories":[11,4],"tags":[],"class_list":["post-806","post","type-post","status-publish","format-standard","has-post-thumbnail","hentry","category-agenda","category-musica","entry"],"_links":{"self":[{"href":"https:\/\/lavereda.com.mx\/index.php\/wp-json\/wp\/v2\/posts\/806","targetHints":{"allow":["GET"]}}],"collection":[{"href":"https:\/\/lavereda.com.mx\/index.php\/wp-json\/wp\/v2\/posts"}],"about":[{"href":"https:\/\/lavereda.com.mx\/index.php\/wp-json\/wp\/v2\/types\/post"}],"author":[{"embeddable":true,"href":"https:\/\/lavereda.com.mx\/index.php\/wp-json\/wp\/v2\/users\/1"}],"replies":[{"embeddable":true,"href":"https:\/\/lavereda.com.mx\/index.php\/wp-json\/wp\/v2\/comments?post=806"}],"version-history":[{"count":1,"href":"https:\/\/lavereda.com.mx\/index.php\/wp-json\/wp\/v2\/posts\/806\/revisions"}],"predecessor-version":[{"id":808,"href":"https:\/\/lavereda.com.mx\/index.php\/wp-json\/wp\/v2\/posts\/806\/revisions\/808"}],"wp:featuredmedia":[{"embeddable":true,"href":"https:\/\/lavereda.com.mx\/index.php\/wp-json\/wp\/v2\/media\/807"}],"wp:attachment":[{"href":"https:\/\/lavereda.com.mx\/index.php\/wp-json\/wp\/v2\/media?parent=806"}],"wp:term":[{"taxonomy":"category","embeddable":true,"href":"https:\/\/lavereda.com.mx\/index.php\/wp-json\/wp\/v2\/categories?post=806"},{"taxonomy":"post_tag","embeddable":true,"href":"https:\/\/lavereda.com.mx\/index.php\/wp-json\/wp\/v2\/tags?post=806"}],"curies":[{"name":"wp","href":"https:\/\/api.w.org\/{rel}","templated":true}]}}