{"id":803,"date":"2020-10-21T22:27:21","date_gmt":"2020-10-21T22:27:21","guid":{"rendered":"http:\/\/lavereda.com.mx\/?p=803"},"modified":"2020-10-21T22:27:23","modified_gmt":"2020-10-21T22:27:23","slug":"invitan-a-ninas-y-ninos-a-la-feria-de-las-calacas","status":"publish","type":"post","link":"https:\/\/lavereda.com.mx\/index.php\/2020\/10\/21\/invitan-a-ninas-y-ninos-a-la-feria-de-las-calacas\/","title":{"rendered":"Invitan a ni\u00f1as y ni\u00f1os a la Feria de las Calacas"},"content":{"rendered":"\n<ul class=\"wp-block-list\"><li><strong>Se realizar\u00e1n talleres el 26, 28 y 30 de octubre en l\u00ednea y previa inscripci\u00f3n\u00a0\u00a0<\/strong><\/li><\/ul>\n\n\n\n<ul class=\"wp-block-list\"><li><strong>El 31 de octubre y 1 de noviembre, habr\u00e1 transmisiones en vivo de conciertos, funciones de teatro y narraciones orales a trav\u00e9s de Facebook&nbsp;<\/strong><\/li><\/ul>\n\n\n\n<p>Honrar y recordar a quienes ya no est\u00e1n, a la distancia, a trav\u00e9s de la m\u00fasica, el teatro, la literatura y la creaci\u00f3n art\u00edstica en compa\u00f1\u00eda de ni\u00f1as, ni\u00f1os, adolescentes y familias es el prop\u00f3sito de la \u201cXX Feria de las Calacas. Memorias del camino\u201d, organizada por la Secretar\u00eda de Cultura, a trav\u00e9s del programa nacional Alas y Ra\u00edces.\u00a0<\/p>\n\n\n\n<p>Este a\u00f1o, la feria en su versi\u00f3n en l\u00ednea busca acompa\u00f1ar al p\u00fablico infantil y familiar desde casa e invita a preservar la memoria y a expresarse a trav\u00e9s de las disciplinas art\u00edsticas a prop\u00f3sito de la conmemoraci\u00f3n del D\u00eda de Muertos, declarada Patrimonio Cultural Inmaterial de la Humanidad por la  (UNESCO) en 2008.\u00a0<\/p>\n\n\n\n<p>En su vig\u00e9sima edici\u00f3n, la \u201cFeria de las Calacas\u201d contar\u00e1 con una oferta  virtual con dos segmentos.<\/p>\n\n\n\n<p>El primero tendr\u00e1 lugar los d\u00edas 26, 28 y 30 de octubre con la realizaci\u00f3n de laboratorios creativos en l\u00ednea, dirigidos a beb\u00e9s, ni\u00f1as, ni\u00f1os y adolescentes los cuales requerir\u00e1n de inscripci\u00f3n previa ya que el cupo ser\u00e1 limitado.&nbsp;<\/p>\n\n\n\n<p>El segundo momento de la feria ser\u00e1 el s\u00e1bado 31 de octubre y el domingo 1 de noviembre con la transmisi\u00f3n en vivo de conciertos, obras de teatro y sesiones de narraci\u00f3n oral con historias y leyendas alusivas a la tradici\u00f3n del D\u00eda de Muertos, a trav\u00e9s del Facebook: @alasyraicescultura.&nbsp;&nbsp;&nbsp;&nbsp;<\/p>\n\n\n\n<p>Los laboratorios, que inician el lunes 26 de octubre, estar\u00e1n dirigidos a la primera infancia -de 0 a 5 a\u00f1os de edad-. \u201cBesitos de huesitos\u201d, \u201cLoter\u00eda de calaveritas\u201d, \u201cCon cantos y flores al Baile de las Calaveras\u201d y \u201cPalabras que mueven mis huesitos\u201d invitan a pap\u00e1s y mam\u00e1s a convivir con beb\u00e9s, ni\u00f1as y ni\u00f1os preescolares a disfrutar con la expresi\u00f3n corporal, la m\u00fasica, el dibujo, el baile y lectura en voz alta.&nbsp;<\/p>\n\n\n\n<p>El mi\u00e9rcoles 28 de octubre, la oferta ser\u00e1 para ni\u00f1as y ni\u00f1os de 6 a 12 a\u00f1os. Crear\u00e1n m\u00e1scaras y calaveras con materiales reciclados y versos con mucho sentimiento en los laboratorios \u201cCalaveritas burlonas del juguete tradicional mexicano\u201d, \u201cM\u00e1scara de calavera de az\u00facar\u201d, \u201cEntre perros y gatos traviesos, las calaveritas vienen por sus huesos\u201d.\u00a0<\/p>\n\n\n\n<p>El viernes 30 de octubre, las actividades estar\u00e1n dirigidas a las y los adolescentes de 13 a 17 a\u00f1os. En \u201cCalaveras, aerosol y collage\u201d abordar\u00e1 la t\u00e9cnica del est\u00e9ncil; mientras que en \u201cCirco calacas\u201d conocer\u00e1n t\u00e9cnicas de malabarismo.&nbsp;<\/p>\n\n\n\n<p>El registro para participar en todos los laboratorios creativos podr\u00e1 realizarse a partir del 19 de octubre a trav\u00e9s del correo\u00a0<a rel=\"noreferrer noopener\" href=\"mailto:inscripcionestalleresayr@cultura.gob.mx\" target=\"_blank\">inscripcionestalleresayr@cultura.gob.mx<\/a>. <\/p>\n\n\n\n<p>La programaci\u00f3n y horarios pueden consultarse en&nbsp;<a href=\"http:\/\/www.alasyraices.gob.mx\/\" target=\"_blank\" rel=\"noreferrer noopener\">www.alasyraices.gob.mx<\/a>&nbsp;y a trav\u00e9s de las redes sociales del programa Facebook e Instagram: @alasyraicescultura y Twitter: @AlasyRaices.<\/p>\n","protected":false},"excerpt":{"rendered":"<p>Se realizar\u00e1n talleres el 26, 28 y 30 de octubre en l\u00ednea y previa inscripci\u00f3n\u00a0\u00a0 El 31 de octubre y 1 de noviembre, habr\u00e1 transmisiones en vivo de conciertos, funciones &hellip; <a href=\"https:\/\/lavereda.com.mx\/index.php\/2020\/10\/21\/invitan-a-ninas-y-ninos-a-la-feria-de-las-calacas\/\" class=\"more-link\">Leer m\u00e1s<\/a><\/p>\n","protected":false},"author":1,"featured_media":804,"comment_status":"open","ping_status":"open","sticky":false,"template":"","format":"standard","meta":{"footnotes":""},"categories":[10],"tags":[],"class_list":["post-803","post","type-post","status-publish","format-standard","has-post-thumbnail","hentry","category-la-vereda-infantil","entry"],"_links":{"self":[{"href":"https:\/\/lavereda.com.mx\/index.php\/wp-json\/wp\/v2\/posts\/803","targetHints":{"allow":["GET"]}}],"collection":[{"href":"https:\/\/lavereda.com.mx\/index.php\/wp-json\/wp\/v2\/posts"}],"about":[{"href":"https:\/\/lavereda.com.mx\/index.php\/wp-json\/wp\/v2\/types\/post"}],"author":[{"embeddable":true,"href":"https:\/\/lavereda.com.mx\/index.php\/wp-json\/wp\/v2\/users\/1"}],"replies":[{"embeddable":true,"href":"https:\/\/lavereda.com.mx\/index.php\/wp-json\/wp\/v2\/comments?post=803"}],"version-history":[{"count":1,"href":"https:\/\/lavereda.com.mx\/index.php\/wp-json\/wp\/v2\/posts\/803\/revisions"}],"predecessor-version":[{"id":805,"href":"https:\/\/lavereda.com.mx\/index.php\/wp-json\/wp\/v2\/posts\/803\/revisions\/805"}],"wp:featuredmedia":[{"embeddable":true,"href":"https:\/\/lavereda.com.mx\/index.php\/wp-json\/wp\/v2\/media\/804"}],"wp:attachment":[{"href":"https:\/\/lavereda.com.mx\/index.php\/wp-json\/wp\/v2\/media?parent=803"}],"wp:term":[{"taxonomy":"category","embeddable":true,"href":"https:\/\/lavereda.com.mx\/index.php\/wp-json\/wp\/v2\/categories?post=803"},{"taxonomy":"post_tag","embeddable":true,"href":"https:\/\/lavereda.com.mx\/index.php\/wp-json\/wp\/v2\/tags?post=803"}],"curies":[{"name":"wp","href":"https:\/\/api.w.org\/{rel}","templated":true}]}}