{"id":800,"date":"2020-10-21T16:41:21","date_gmt":"2020-10-21T16:41:21","guid":{"rendered":"http:\/\/lavereda.com.mx\/?p=800"},"modified":"2020-10-21T16:41:23","modified_gmt":"2020-10-21T16:41:23","slug":"casa-mudejar-celebra-primer-aniversario","status":"publish","type":"post","link":"https:\/\/lavereda.com.mx\/index.php\/2020\/10\/21\/casa-mudejar-celebra-primer-aniversario\/","title":{"rendered":"Casa Mud\u00e9jar celebra primer aniversario"},"content":{"rendered":"\n<ul class=\"wp-block-list\"><li>Presentar\u00e1n un programa de actividades en l\u00ednea del 23 al 30 de octubre.<\/li><\/ul>\n\n\n\n<p>Fue el pasado 14 de octubre del 2019 cuando la Casa Mud\u00e9jar abri\u00f3 sus puertas a la ciudadan\u00eda como Centro Cultural, luego de un exhaustivo trabajo de rescate del inmueble, encabezado por el alcalde Jorge Zerme\u00f1o Infante.&nbsp;<\/p>\n\n\n\n<p>Fueron meses de trabajo minucioso en el que el principal objetivo siempre fue respetar la estructura original de la casa, para que la ciudadan\u00eda tuviera la oportunidad de disfrutar de este espacio abierto a la cultura, en un ambiente que remonta a los or\u00edgenes de la ciudad.<\/p>\n\n\n\n<p>A partir de su apertura, Casa Mud\u00e9jar ha sido visitada por numerosos visitantes, que no solo se han dado cita a recorrer el recinto, sino que se han dado a la tarea de hacer de Casa Mud\u00e9jar un punto de encuentro recreativo y cultural, en el que se ha fomentado principalmente la literatura, pero tambi\u00e9n ha sido un espacio para las diferentes expresiones art\u00edsticas, desde presentaciones de libros, conferencias, talleres, exposiciones art\u00edsticas, presentaciones de danza, proyecciones de cine, conciertos, entre muchas otras actividades; Casa Mud\u00e9jar r\u00e1pidamente se convirti\u00f3 en un punto de referencia del quehacer cultural de la ciudad.<\/p>\n\n\n\n<p>Sin embargo, en este primer a\u00f1o, el recinto tambi\u00e9n ha enfrentado diversos retos, principalmente, el haber cerrado sus puertas a un p\u00fablico creciente, debido a la contingencia sanitaria del COVID-19.<\/p>\n\n\n\n<p>Actualmente, Casa Mud\u00e9jar trabaja en la planeaci\u00f3n de actividades ante su eventual reapertura. Para celebrar su primer aniversario, se han preparado una serie de diversas actividades art\u00edsticas y culturales, las cuales ser\u00e1n transmitidas a trav\u00e9s de Facebook, \u201cCentro Cultural Casa Mud\u00e9jar\u201d.<\/p>\n\n\n\n<p><strong>23 de octubre:&nbsp;<\/strong><\/p>\n\n\n\n<p>Este recinto ser\u00e1 el escenario del 5\u00b0 Concierto de la temporada Oto\u00f1o-Invierno de la Camerata de Coahuila, evento transmitido por el Facebook de Camerata a las 20:30 horas, las 22:00 horas. La celebraci\u00f3n continua con un mensaje del Alcalde Jorge Zerme\u00f1o Infante.<\/p>\n\n\n\n<p><strong>26 de octubre<\/strong>:&nbsp;<\/p>\n\n\n\n<p>A las 12:00 horas, recorrido al interior de la Casa Mud\u00e9jar, di\u00e1logo de su historia, proyecto cultural y recuento del primer a\u00f1o del recinto en voz de: El\u00edas Ag\u00fcero director de cultura, en compa\u00f1\u00eda de la directora del recinto, Teresa Mu\u00f1oz y la coordinadora de Centros Culturales de la dependencia, Margarita del R\u00edo<\/p>\n\n\n\n<p><strong>27 de octubre<\/strong>:&nbsp;<\/p>\n\n\n\n<p>A las 11:00 horas la coordinaci\u00f3n de fotograf\u00eda y el departamento de dise\u00f1o de la Direcci\u00f3n de Cultura de Torre\u00f3n, compartir\u00e1n un \u00e1lbum virtual en el que se mostrar\u00e1n fotos del antes y despu\u00e9s de la Casa.<\/p>\n\n\n\n<p><strong>28 de octubre<\/strong>:&nbsp;<\/p>\n\n\n\n<p>En punto de las 11:00 horas, la Academia de Danza Bausch, bajo la direcci\u00f3n de la maestra Tania S\u00e1nchez Viesca, presentar\u00e1 un fragmento del cl\u00e1sico \u201cEl Cascanueces\u201d, titulado \u201cLos misterios de la Casa\u201d.<\/p>\n\n\n\n<p><strong>29 de octubre<\/strong>:<\/p>\n\n\n\n<p>Presentaci\u00f3n del libro \u201cEnriqueta Ochoa: la configuraci\u00f3n de un femenino sagrado\u201d de Esther Hern\u00e1ndez Palacios, a las 19:30, con la participaci\u00f3n de la autora, en compa\u00f1\u00eda de\u00a0\u00a0Nadia Contreras y Adriana Vargas.\u00a0<\/p>\n\n\n\n<p><strong>30 de octubre<\/strong>:<\/p>\n\n\n\n<p>A las 19:30 horas, se llevar\u00e1 cabo el cierre de los festejos de la Casa Mud\u00e9jar concluyen con el concierto virtual: Cuatro Culturas en Casa, Espa\u00f1a, Italia, Alemania y Argentina, por parte de la Orquesta Sinf\u00f3nica Juvenil de Torre\u00f3n, bajo la direcci\u00f3n del Maestro Ethan Eager.<\/p>\n","protected":false},"excerpt":{"rendered":"<p>Presentar\u00e1n un programa de actividades en l\u00ednea del 23 al 30 de octubre. Fue el pasado 14 de octubre del 2019 cuando la Casa Mud\u00e9jar abri\u00f3 sus puertas a la &hellip; <a href=\"https:\/\/lavereda.com.mx\/index.php\/2020\/10\/21\/casa-mudejar-celebra-primer-aniversario\/\" class=\"more-link\">Leer m\u00e1s<\/a><\/p>\n","protected":false},"author":1,"featured_media":801,"comment_status":"open","ping_status":"open","sticky":false,"template":"","format":"standard","meta":{"footnotes":""},"categories":[2,18],"tags":[],"class_list":["post-800","post","type-post","status-publish","format-standard","has-post-thumbnail","hentry","category-artes-escenicas","category-lomasrelevante","entry"],"_links":{"self":[{"href":"https:\/\/lavereda.com.mx\/index.php\/wp-json\/wp\/v2\/posts\/800","targetHints":{"allow":["GET"]}}],"collection":[{"href":"https:\/\/lavereda.com.mx\/index.php\/wp-json\/wp\/v2\/posts"}],"about":[{"href":"https:\/\/lavereda.com.mx\/index.php\/wp-json\/wp\/v2\/types\/post"}],"author":[{"embeddable":true,"href":"https:\/\/lavereda.com.mx\/index.php\/wp-json\/wp\/v2\/users\/1"}],"replies":[{"embeddable":true,"href":"https:\/\/lavereda.com.mx\/index.php\/wp-json\/wp\/v2\/comments?post=800"}],"version-history":[{"count":1,"href":"https:\/\/lavereda.com.mx\/index.php\/wp-json\/wp\/v2\/posts\/800\/revisions"}],"predecessor-version":[{"id":802,"href":"https:\/\/lavereda.com.mx\/index.php\/wp-json\/wp\/v2\/posts\/800\/revisions\/802"}],"wp:featuredmedia":[{"embeddable":true,"href":"https:\/\/lavereda.com.mx\/index.php\/wp-json\/wp\/v2\/media\/801"}],"wp:attachment":[{"href":"https:\/\/lavereda.com.mx\/index.php\/wp-json\/wp\/v2\/media?parent=800"}],"wp:term":[{"taxonomy":"category","embeddable":true,"href":"https:\/\/lavereda.com.mx\/index.php\/wp-json\/wp\/v2\/categories?post=800"},{"taxonomy":"post_tag","embeddable":true,"href":"https:\/\/lavereda.com.mx\/index.php\/wp-json\/wp\/v2\/tags?post=800"}],"curies":[{"name":"wp","href":"https:\/\/api.w.org\/{rel}","templated":true}]}}