{"id":794,"date":"2020-10-21T15:52:06","date_gmt":"2020-10-21T15:52:06","guid":{"rendered":"http:\/\/lavereda.com.mx\/?p=794"},"modified":"2020-10-21T15:52:08","modified_gmt":"2020-10-21T15:52:08","slug":"convocan-a-concurso-nacional-de-poesia-enriqueta-ochoa","status":"publish","type":"post","link":"https:\/\/lavereda.com.mx\/index.php\/2020\/10\/21\/convocan-a-concurso-nacional-de-poesia-enriqueta-ochoa\/","title":{"rendered":"Convocan a Concurso Nacional de Poes\u00eda Enriqueta Ochoa"},"content":{"rendered":"\n<p>Enriqueta Ochoa es una de las escritoras coahuilenses cuya obra m\u00e1s ha trascendido a nivel nacional e internacional. La torreonense public\u00f3 su primer libro \u201cLas urgencias de un Dios\u201d en 1950, con tan s\u00f3lo 22 a\u00f1os de edad. Su obra es recordada y estudiada en importantes c\u00edrculos literarios.<\/p>\n\n\n\n<p>Como en \u00e9ste y a\u00f1os anteriores, nuestra la ciudad la recuerda con la convocatoria del Concurso Nacional de Poes\u00eda Enriqueta Ochoa, lanzada por la Direcci\u00f3n General de Cultura de Torre\u00f3n, en coordinaci\u00f3n&nbsp; con la Secretar\u00eda de Cultura. La finalidad es \u201cfomentar la creaci\u00f3n literaria y posteriormente, generar productos&nbsp; culturales&nbsp; de impacto local y nacional\u201d.<\/p>\n\n\n\n<p>De acuerdo con las bases, podr\u00e1n participar todos los poetas nacidos en M\u00e9xico o con residencia de al menos 5 a\u00f1os en la Rep\u00fablica Mexicana. Los concursantes deber\u00e1n enviar un poemario in\u00e9dito de su propia autor\u00eda, en espa\u00f1ol, con tema y forma libres, con un m\u00ednimo de 40 y un m\u00e1ximo de 60 cuartillas.<\/p>\n\n\n\n<p>Los trabajos deber\u00e1n presentarse por triplicado (tres ejemplares), engargolados, en papel tama\u00f1o carta impreso por una sola cara, escritos en computadora a doble espacio y en tipograf\u00eda Times New Roman de 12 puntos.<\/p>\n\n\n\n<p>El jurado calificador estar\u00e1 integrado por escritores, investigadores y cr\u00edticos con trayectorias destacadas en la escena literaria y cultural. Una vez emitido el fallo, se proceder\u00e1 a la apertura de la plica de identificaci\u00f3n y a la notificaci\u00f3n del ganador.La presente convocatoria estar\u00e1 vigente a partir del lunes 19 de octubre y la fecha de cierre es el viernes 27 de noviembre de 2020.\u00a0<\/p>\n\n\n\n<p>El anuncio del resultado se realizar\u00e1 en el mes de marzo de 2021. Se inform\u00f3 que no se realizar\u00e1 ceremonia de premiaci\u00f3n por las disposiciones federales, estatales y municipales en virtud de la crisis sanitaria (COVID-19).<\/p>\n\n\n\n<p>El premio \u00fanico e indivisible es de $100,000.00 (CIEN MIL PESOS 00\/100 MXN), diploma y la publicaci\u00f3n de la obra.M\u00e1s informaci\u00f3n:&nbsp;<a href=\"mailto:literaturaimce@gmail.com\">literaturaimce@gmail.com<\/a>.<\/p>\n","protected":false},"excerpt":{"rendered":"<p>Enriqueta Ochoa es una de las escritoras coahuilenses cuya obra m\u00e1s ha trascendido a nivel nacional e internacional. La torreonense public\u00f3 su primer libro \u201cLas urgencias de un Dios\u201d en &hellip; <a href=\"https:\/\/lavereda.com.mx\/index.php\/2020\/10\/21\/convocan-a-concurso-nacional-de-poesia-enriqueta-ochoa\/\" class=\"more-link\">Leer m\u00e1s<\/a><\/p>\n","protected":false},"author":1,"featured_media":795,"comment_status":"open","ping_status":"open","sticky":false,"template":"","format":"standard","meta":{"footnotes":""},"categories":[5,18],"tags":[],"class_list":["post-794","post","type-post","status-publish","format-standard","has-post-thumbnail","hentry","category-letras-y-libros","category-lomasrelevante","entry"],"_links":{"self":[{"href":"https:\/\/lavereda.com.mx\/index.php\/wp-json\/wp\/v2\/posts\/794","targetHints":{"allow":["GET"]}}],"collection":[{"href":"https:\/\/lavereda.com.mx\/index.php\/wp-json\/wp\/v2\/posts"}],"about":[{"href":"https:\/\/lavereda.com.mx\/index.php\/wp-json\/wp\/v2\/types\/post"}],"author":[{"embeddable":true,"href":"https:\/\/lavereda.com.mx\/index.php\/wp-json\/wp\/v2\/users\/1"}],"replies":[{"embeddable":true,"href":"https:\/\/lavereda.com.mx\/index.php\/wp-json\/wp\/v2\/comments?post=794"}],"version-history":[{"count":1,"href":"https:\/\/lavereda.com.mx\/index.php\/wp-json\/wp\/v2\/posts\/794\/revisions"}],"predecessor-version":[{"id":796,"href":"https:\/\/lavereda.com.mx\/index.php\/wp-json\/wp\/v2\/posts\/794\/revisions\/796"}],"wp:featuredmedia":[{"embeddable":true,"href":"https:\/\/lavereda.com.mx\/index.php\/wp-json\/wp\/v2\/media\/795"}],"wp:attachment":[{"href":"https:\/\/lavereda.com.mx\/index.php\/wp-json\/wp\/v2\/media?parent=794"}],"wp:term":[{"taxonomy":"category","embeddable":true,"href":"https:\/\/lavereda.com.mx\/index.php\/wp-json\/wp\/v2\/categories?post=794"},{"taxonomy":"post_tag","embeddable":true,"href":"https:\/\/lavereda.com.mx\/index.php\/wp-json\/wp\/v2\/tags?post=794"}],"curies":[{"name":"wp","href":"https:\/\/api.w.org\/{rel}","templated":true}]}}