{"id":791,"date":"2020-10-20T17:37:10","date_gmt":"2020-10-20T17:37:10","guid":{"rendered":"http:\/\/lavereda.com.mx\/?p=791"},"modified":"2020-10-20T17:37:12","modified_gmt":"2020-10-20T17:37:12","slug":"con-muestra-estatal-de-teatro-reinicia-actividad-escenica","status":"publish","type":"post","link":"https:\/\/lavereda.com.mx\/index.php\/2020\/10\/20\/con-muestra-estatal-de-teatro-reinicia-actividad-escenica\/","title":{"rendered":"Con muestra estatal de teatro, reinicia actividad esc\u00e9nica"},"content":{"rendered":"\n<p>Ya se encuentra lista la Muestra Estatal de Teatro, con la presentaci\u00f3n de 10 funciones del 21 al 25 de octubre en Torre\u00f3n, inform\u00f3 la Secretar\u00eda de Cultura de Coahuila.<\/p>\n\n\n\n<p>Los recintos que albergar\u00e1n esta muestra son el Teatro Alfonso Garibay y el Teatro Isauro Mart\u00ednez, en los horarios de las 18:00 y las 20:00 horas, respectivamente<\/p>\n\n\n\n<p>La secretaria Ana Sof\u00eda Garc\u00eda Camil, expres\u00f3 que esta muestra inici\u00f3 en la entidad coahuilense desde la d\u00e9cada de los 90&#8217;s como un espacio para difundir el trabajo esc\u00e9nico de los artistas locales, con algunas interrupciones.<\/p>\n\n\n\n<blockquote class=\"wp-block-quote is-layout-flow wp-block-quote-is-layout-flow\"><p>\u201cEn las 5 ediciones anteriores se han presentado m\u00e1s de 50 puestas en escena, con la participaci\u00f3n de 300 artistas y creativos; adicionalmente se han llevado a cabo 11 talleres y conferencias que contribuyeron en la capacitaci\u00f3n de los artistas esc\u00e9nicos, y recibimos a m\u00e1s de 6,000 espectadores\u201d, detall\u00f3.<\/p><\/blockquote>\n\n\n\n<p>Garc\u00eda Camil agreg\u00f3 que esto ha permitido que las diversas compa\u00f1\u00edas de teatro se fortalezcan y que se generen m\u00e1s presentaciones esc\u00e9nicas en la entidad.<\/p>\n\n\n\n<p>\u201cHa sido un ciclo maravilloso donde no s\u00f3lo se impulsa el teatro local; adem\u00e1s la capacitaci\u00f3n permite que se generen puestas en escenas de calidad, que hacen que los coahuilenses acudamos a estos recintos cada vez m\u00e1s\u201d, dijo.<\/p>\n\n\n\n<p>Las funciones en este a\u00f1o son 5 en el Teatro Alfonso Garibay, con un horario de las 18:00 horas, y son:<\/p>\n\n\n\n<p>\u00b7&nbsp;&nbsp;&nbsp;&nbsp;&nbsp;&nbsp;El 21 de octubre: \u201cBubble Gum\u201d, de Edeberto \u00abPilo\u00bb Galindo. Direcci\u00f3n: Arnulfo Reveles. Compa\u00f1\u00eda: Detestable Teatro (Torre\u00f3n).&nbsp;<\/p>\n\n\n\n<p>\u00b7&nbsp;&nbsp;&nbsp;&nbsp;&nbsp;&nbsp;22 de octubre: \u201cDebemos hablar de nosotros a\u00fan y que nadie quiera escucharnos\u201d, de Hugo Dena. Direcci\u00f3n: Hugo Dena. Compa\u00f1\u00eda: Desierto Teatro (Torre\u00f3n).&nbsp;<\/p>\n\n\n\n<p>\u00b7&nbsp;&nbsp;&nbsp;&nbsp;&nbsp;&nbsp;23 de octubre:&nbsp; \u201cRedenci\u00f3n\u201d, de Elizabeth Ram\u00edrez. Direcci\u00f3n: Rogelio Palos. Compa\u00f1\u00eda: Siempre los mimos (Saltillo).&nbsp;<\/p>\n\n\n\n<p>\u00b7&nbsp;&nbsp;&nbsp;&nbsp;&nbsp;&nbsp;24 octubre se presenta \u201cLa solitaria y tormentosa vida de Gregorio y sus cuadernos\u201d, de Juan Antonio Villarreal. Direcci\u00f3n: Juan Antonio Villarreal. Compa\u00f1\u00eda: El S\u00e9ptimo Cielo (Saltillo).<\/p>\n\n\n\n<p>\u00b7&nbsp;&nbsp;&nbsp;&nbsp;&nbsp;&nbsp;25 de&nbsp; octubre: \u201cRoma al final de la v\u00eda\u201d, de Daniel Serrano. Direcci\u00f3n: Martha Matamoros. Compa\u00f1\u00eda: Origen Teatro (Saltillo).<\/p>\n\n\n\n<p>TEATRO ISAURO MART\u00cdNEZ<\/p>\n\n\n\n<p>\u00b7&nbsp;&nbsp;&nbsp;&nbsp;&nbsp;&nbsp;En el Teatro Isauro Mart\u00ednez, a las 20:00 horas se presentaran las obras \u201cDos\u201d, de Eduardo Nava. Direcci\u00f3n: Eduardo Nava. Compa\u00f1\u00eda: Tropa Cachivaches (Torre\u00f3n), el 21 de octubre.<\/p>\n\n\n\n<p>\u00b7&nbsp;&nbsp;&nbsp;&nbsp;&nbsp;&nbsp;\u201cDel otro lado del espejo\u201d, de Disley Rodr\u00edguez Ascencio. Direcci\u00f3n: Claudia Isabel Monarrez Favela. Compa\u00f1\u00eda: Colectivo Tablarte (Torre\u00f3n), 22 de octubre.<\/p>\n\n\n\n<p>\u00b7&nbsp;&nbsp;&nbsp;&nbsp;&nbsp;&nbsp;\u201cEl Yeitotol\u201d, de Ver\u00f3nica Maldonado. Direcci\u00f3n: Laura Borrego. Compa\u00f1\u00eda: A\u00fan Teatro (Torre\u00f3n), el d\u00eda 23 de octubre.<\/p>\n\n\n\n<p>\u00b7&nbsp;&nbsp;&nbsp;&nbsp;&nbsp;&nbsp;+ Para el 24 de octubre: \u201cEn el desierto no hay sirenas\u201d, de Edoardo Torres. Direcci\u00f3n: Iv\u00e1n Torres. Compa\u00f1\u00eda: Colectivo Imaginante Teatro (Torre\u00f3n).<\/p>\n\n\n\n<p>\u00b7&nbsp;&nbsp;&nbsp;&nbsp;&nbsp;&nbsp;+ 25 de&nbsp; octubre, \u201cEjercicio para \u00e1ngeles\u201d, de Luis Javier Alvarado. Direcci\u00f3n: Luis Javier Alvarado. Compa\u00f1\u00eda: Grupo Ecl\u00e9ctico de Teatro (Saltillo).<\/p>\n\n\n\n<p>Para la seguridad de los asistentes, se est\u00e1n tomando en consideraci\u00f3n todos los protocolos de seguridad presentados en el protocolo para la apertura de espacios esc\u00e9nicos, el cual puede ser consultado en&nbsp;<a href=\"http:\/\/www.coahuilacultura.gob.mx\/\" target=\"_blank\" rel=\"noreferrer noopener\">www.coahuilacultura.gob.mx<\/a>.<\/p>\n\n\n\n<p>Posteriormente, en Saltillo en el mes de noviembre se realizar\u00e1n diversas actividades en el Teatro de la Ciudad \u201cFernando Soler\u201d.<\/p>\n","protected":false},"excerpt":{"rendered":"<p>Ya se encuentra lista la Muestra Estatal de Teatro, con la presentaci\u00f3n de 10 funciones del 21 al 25 de octubre en Torre\u00f3n, inform\u00f3 la Secretar\u00eda de Cultura de Coahuila. &hellip; <a href=\"https:\/\/lavereda.com.mx\/index.php\/2020\/10\/20\/con-muestra-estatal-de-teatro-reinicia-actividad-escenica\/\" class=\"more-link\">Leer m\u00e1s<\/a><\/p>\n","protected":false},"author":1,"featured_media":792,"comment_status":"open","ping_status":"open","sticky":false,"template":"","format":"standard","meta":{"footnotes":""},"categories":[2],"tags":[],"class_list":["post-791","post","type-post","status-publish","format-standard","has-post-thumbnail","hentry","category-artes-escenicas","entry"],"_links":{"self":[{"href":"https:\/\/lavereda.com.mx\/index.php\/wp-json\/wp\/v2\/posts\/791","targetHints":{"allow":["GET"]}}],"collection":[{"href":"https:\/\/lavereda.com.mx\/index.php\/wp-json\/wp\/v2\/posts"}],"about":[{"href":"https:\/\/lavereda.com.mx\/index.php\/wp-json\/wp\/v2\/types\/post"}],"author":[{"embeddable":true,"href":"https:\/\/lavereda.com.mx\/index.php\/wp-json\/wp\/v2\/users\/1"}],"replies":[{"embeddable":true,"href":"https:\/\/lavereda.com.mx\/index.php\/wp-json\/wp\/v2\/comments?post=791"}],"version-history":[{"count":1,"href":"https:\/\/lavereda.com.mx\/index.php\/wp-json\/wp\/v2\/posts\/791\/revisions"}],"predecessor-version":[{"id":793,"href":"https:\/\/lavereda.com.mx\/index.php\/wp-json\/wp\/v2\/posts\/791\/revisions\/793"}],"wp:featuredmedia":[{"embeddable":true,"href":"https:\/\/lavereda.com.mx\/index.php\/wp-json\/wp\/v2\/media\/792"}],"wp:attachment":[{"href":"https:\/\/lavereda.com.mx\/index.php\/wp-json\/wp\/v2\/media?parent=791"}],"wp:term":[{"taxonomy":"category","embeddable":true,"href":"https:\/\/lavereda.com.mx\/index.php\/wp-json\/wp\/v2\/categories?post=791"},{"taxonomy":"post_tag","embeddable":true,"href":"https:\/\/lavereda.com.mx\/index.php\/wp-json\/wp\/v2\/tags?post=791"}],"curies":[{"name":"wp","href":"https:\/\/api.w.org\/{rel}","templated":true}]}}