{"id":7888,"date":"2026-05-01T17:25:31","date_gmt":"2026-05-01T17:25:31","guid":{"rendered":"https:\/\/lavereda.com.mx\/?p=7888"},"modified":"2026-05-01T17:25:31","modified_gmt":"2026-05-01T17:25:31","slug":"the-devil-wears-prada-2-2026","status":"publish","type":"post","link":"https:\/\/lavereda.com.mx\/index.php\/2026\/05\/01\/the-devil-wears-prada-2-2026\/","title":{"rendered":"The Devil Wears Prada 2 (2026)"},"content":{"rendered":"\n<p>Ser\u00eda muy extra\u00f1o que alguien no est\u00e9 al tanto de esta historia: hace 20 a\u00f1os se estren\u00f3 la pel\u00edcula, ahora ic\u00f3nica de culto entre ciertos sectores, <em>The Devil Wears Prada<\/em>, basada en la novela hom\u00f3nima escrita por Lauren Weisberger. Esta result\u00f3 un enorme \u00e9xito de taquilla que termin\u00f3 por afianzar el estatus de estrella de Anne Hathaway; lograr\u00eda que toda una nueva generaci\u00f3n conociera a Meryl Streep de forma comercial, quien, gracias a este impulso, mantiene una de las carreras m\u00e1s longevas de Hollywood; as\u00ed como tambi\u00e9n dio a conocer a una incipiente Emily Blunt, que apenas se iniciaba de este lado del Atl\u00e1ntico.<\/p>\n\n\n\n<p>Despu\u00e9s de 2 nominaciones al Oscar, 3 al Golden Globe, 5 al BAFTA, m\u00e1s de 300 millones de d\u00f3lares en la taquilla mundial y una renuencia de dos d\u00e9cadas por retomar la historia de estos personajes por parte de los involucrados, esta semana ha llegado a las salas de todo el mundo (posiblemente por el pago de enormes salarios) una secuela que, si bien parece que muchos quer\u00edan, ya se daba casi como un producto que jam\u00e1s se realizar\u00eda. \u00bfLa espera ha valido la pena? Esta pregunta nunca tiene una respuesta f\u00e1cil.<\/p>\n\n\n\n<p>Para los que no lo sepan, a diferencia de la primera entrega, esta producci\u00f3n no se basa en el segundo libro con Andy Sachs como protagonista, posiblemente porque dicha novela no tuvo el \u00e9xito de su antecesora. Raz\u00f3n probable por la que el director David Frankel (quien llevaba a\u00f1os sin un \u00e9xito verdadero) volvi\u00f3 a llamar a Aline Brosh McKenna (que, salvo <em>Cruella<\/em>, se encontraba en la misma situaci\u00f3n) para desarrollar un guion completamente original que retomara las historias de los, para muchos, entra\u00f1ables personajes, con la tarea de crear una trama que se mantuviera fiel a estos, pero adapt\u00e1ndolos al contexto social actual. Una vez vista la cinta, es notorio que se ha logrado la tarea en ciertos aspectos, pero se ha fallado en otros, situaci\u00f3n que expongo a continuaci\u00f3n. Pero antes, \u00bfde qu\u00e9 va la historia?<\/p>\n\n\n\n<p>Andy Sachs (Anne Hathaway) parece haber logrado su sue\u00f1o de ser una respetada periodista, ya que la cinta inicia en el momento justo en que est\u00e1 por ganar un premio especializado en su campo, triunfo que es ensombrecido porque, segundos antes de ser nombrada ganadora, ella y todos sus compa\u00f1eros de trabajo reciben la terrible noticia de que acaban de ser despedidos por la compra de la revista en la que laboran por parte de un conglomerado empresarial. A la par, se nos muestra a una Miranda Priestly (Meryl Streep) que lucha por mantenerse a flote y relevante en un mundo que ha cambiado, siendo v\u00edctima de la cultura de la cancelaci\u00f3n por un error cometido con una marca acusada de malas pr\u00e1cticas laborales. Por estos motivos, la primera se ver\u00e1 en la necesidad de aceptar un trabajo en Runway como directora de contenidos, puesto ofrecido para que su credibilidad como periodista ayude a limpiar la imagen tanto de la revista como de su directora. Con esta nueva interacci\u00f3n entre ambas, vuelven a aparecer en escena Nigel Kipling (Stanley Tucci), que sigue fiel a Miranda a pesar de los tratos recibidos por esta, y Emily Charlton (Emily Blunt), quien ahora trabaja para la casa Dior, principal anunciante de la revista, que duda en seguir publicit\u00e1ndose en esta debido al esc\u00e1ndalo. Con esto como inicio, la cinta vuelve a explorar la estrecha y complicada relaci\u00f3n entre los personajes, mismos que han cambiado cada uno a su manera a lo largo de los veinte a\u00f1os que han transcurrido.<\/p>\n\n\n\n<p>Debo decir que, si bien acepto el encanto de la cinta original y su impacto sociocultural a trav\u00e9s de los a\u00f1os, nunca he sido fan\u00e1tico de ella, ya que tengo muchos problemas con su historia y la manera en que esta fue desarrollada y percibida; s\u00e9 que esto a nadie le importa, pero quise mencionarlo. Por este motivo es que acud\u00ed a la sala sin muchas expectativas, sobre todo despu\u00e9s de haber visto los terribles tr\u00e1ilers que nos hac\u00edan pensar que se trataba de otra secuela innecesaria e insulsa creada \u00fanicamente para generar dinero. Aunque algunas de estas cosas s\u00ed fueron ciertas al final, debo decir que en varios sentidos la cinta cumple y en otros lleg\u00f3 incluso a tomarme por sorpresa, por lo que esta vez iniciar\u00e9 hablando de lo positivo que tiene la cinta.<\/p>\n\n\n\n<p>Lo principal, y creo lo m\u00e1s importante, es que el reparto sigue funcionando a la perfecci\u00f3n: la qu\u00edmica se mantiene y la interacci\u00f3n entre los personajes se puede sentir casi intacta, todos puliendo los personajes que interpretaron hace dos d\u00e9cadas. Si bien Meryl Streep sigue siendo el centro de este universo, la ama y se\u00f1ora de las escenas, el resto sale al quite en los momentos indicados, por lo que este apartado no tiene queja alguna; incluso los cameos que en esta ocasi\u00f3n aparecen no tienen desperdicio, sobre todo uno en el tercer acto que se sabe fan service, pero uno que funciona. De igual manera, al tratarse de una historia que tiene como eje central el mundo de la moda, esta brilla en cada encuadre, siendo mucho m\u00e1s notoria que en su predecesora, con looks m\u00e1s elaborados, definidos y glamorosos; como secuela cumple al ser m\u00e1s grande, m\u00e1s resplandeciente, m\u00e1s espectacular.<\/p>\n\n\n\n<p>Pero si hay algo que se debe mencionar, a pesar de no ser la primera en abordar este tema, es que el guion basa su fuerza en dejar ver c\u00f3mo el tiempo ha alcanzado a la industria editorial: desde la secuencia inicial, donde vemos c\u00f3mo un medio de periodismo serio ha dejado de existir debido a las ya tan comunes adquisiciones mercantiles que han dejado a tantos sin trabajo, hasta la misma industria de la moda, que lucha por mantenerse a flote buscando un medio para subsistir, como se nos muestra a trav\u00e9s de los ojos del personaje de Emily o el de la misma Miranda, a quien por primera vez vemos siendo humana, con los miedos de un presente donde su papel ya no es tan relevante y la revista a la que le ha entregado su vida amenaza con desaparecer. En este sentido, la pel\u00edcula resulta mucho m\u00e1s profunda de lo que podr\u00edamos esperar, dentro de los par\u00e1metros que se pueden permitir en un producto como este, claro est\u00e1.<\/p>\n\n\n\n<p>Pero, como dije, la cinta arrastra algunos problemas, algunos que ya exist\u00edan en la primera pel\u00edcula, pero en esta ocasi\u00f3n resaltan m\u00e1s, sobre todo en su arranque, donde se puede llegar a sentir forzada y cansada la manera en que hacen converger a los protagonistas. Y este es el punto que me gener\u00f3 m\u00e1s malestar de todos, por lo que tendr\u00e9 que revelar algunos spoilers, sobre todo en lo referente al personaje de Hathaway. La vemos iniciar como una mujer realizada, una que se nos dice que viaj\u00f3 por el mundo 15 a\u00f1os, que ha ganado premios y es respetada en su campo; entonces llega el despido y su \u00fanica opci\u00f3n parece ser volver a Runway, no buscar otra opci\u00f3n, no ejercer de forma independiente, cosa que en la actualidad, con los medios digitales, es mucho m\u00e1s sencillo que hace veinte a\u00f1os. Si su personaje se la pasa diciendo que el mundo de la moda representa todo lo que est\u00e1 mal, \u00bfpor qu\u00e9 regresar? Pueden intentar sustentar estas decisiones como una opci\u00f3n moment\u00e1nea en lo que aparece algo mejor; ella dice querer usarlo como trampol\u00edn, cosa que en la cinta original se puede entender, pero en esta ocasi\u00f3n no. De igual manera, su regreso se da en condiciones muy diferentes que en su primera llegada, pero una vez que vuelve a estar ante Miranda, permite que le vuelvan a pasar por encima, que la sobajen y humillen, como si fuera una pasante y no la directora de contenidos. Claro, Miranda sigue siendo su jefa, pero ya no se trata de una asistente: es una periodista respetada que fue contratada por el mismo propietario de la revista, entonces \u00bfpor qu\u00e9 permite este trato? Sobre todo cuando la mujer que la minimiza no est\u00e1 en su mejor momento. Puede que no se encuentren al mismo nivel en carrera y fama, pero ambas son profesionales destacadas en su ramo y eso nunca se explota.<\/p>\n\n\n\n<p>Otro aspecto que no logr\u00f3 convencerme es la forma tan forzada de incluir al personaje de Emily Blunt, a quien le toc\u00f3 el peor desarrollo, mismo que aparece mucho menos que el resto y, una vez que llega el tercer acto, cuando mayor presencia tiene, las decisiones alrededor de este se sienten todav\u00eda m\u00e1s extra\u00f1as, para rematar todo con una resoluci\u00f3n de conflicto por conveniencia del guion, una que te hace pensar que su trama pudo no aparecer y no hubiera cambiado nada. Claro, esto es cine comercial, fan service para las masas; se espera un final feliz, pero su personaje pudo haberse desarrollado de una mejor manera.<\/p>\n\n\n\n<p><em>The Devil Wears Prada 2<\/em> no es una cinta perfecta, nadie lo esperaba: cumple donde debe y el p\u00fablico promedio posiblemente la acepte sin reparos; pero se siente un poco innecesaria e intrascendente a comparaci\u00f3n de la primera. En esta ocasi\u00f3n no hay escenas memorables que vayan a trascender el tiempo, no hay suficiente impacto para que vaya a volverse tan relevante. \u00bfTerminar\u00e1 siendo un \u00e9xito? Claro, las preventas ya lo indican y ser\u00e1 uno merecido, ya que este es cine comercial, nost\u00e1lgico y en extremo entretenido, solo que no est\u00e1 al nivel: no se siente como la secuela que tuvo que existir, en caso de que tuviera que haber existido, cosa que no creo fuera necesaria en realidad. Algunos productos no necesitan una segunda parte y creo que este es uno de ellos.<\/p>\n","protected":false},"excerpt":{"rendered":"<p>Ser\u00eda muy extra\u00f1o que alguien no est\u00e9 al tanto de esta historia: hace 20 a\u00f1os se estren\u00f3 la pel\u00edcula, ahora ic\u00f3nica de culto entre ciertos sectores, The Devil Wears Prada, &hellip; <a href=\"https:\/\/lavereda.com.mx\/index.php\/2026\/05\/01\/the-devil-wears-prada-2-2026\/\" class=\"more-link\">Leer m\u00e1s<\/a><\/p>\n","protected":false},"author":13,"featured_media":7889,"comment_status":"open","ping_status":"open","sticky":false,"template":"","format":"standard","meta":{"footnotes":""},"categories":[6],"tags":[40,308],"class_list":["post-7888","post","type-post","status-publish","format-standard","has-post-thumbnail","hentry","category-cinetv","tag-cine","tag-the-devil-wears-prada","entry"],"_links":{"self":[{"href":"https:\/\/lavereda.com.mx\/index.php\/wp-json\/wp\/v2\/posts\/7888","targetHints":{"allow":["GET"]}}],"collection":[{"href":"https:\/\/lavereda.com.mx\/index.php\/wp-json\/wp\/v2\/posts"}],"about":[{"href":"https:\/\/lavereda.com.mx\/index.php\/wp-json\/wp\/v2\/types\/post"}],"author":[{"embeddable":true,"href":"https:\/\/lavereda.com.mx\/index.php\/wp-json\/wp\/v2\/users\/13"}],"replies":[{"embeddable":true,"href":"https:\/\/lavereda.com.mx\/index.php\/wp-json\/wp\/v2\/comments?post=7888"}],"version-history":[{"count":1,"href":"https:\/\/lavereda.com.mx\/index.php\/wp-json\/wp\/v2\/posts\/7888\/revisions"}],"predecessor-version":[{"id":7890,"href":"https:\/\/lavereda.com.mx\/index.php\/wp-json\/wp\/v2\/posts\/7888\/revisions\/7890"}],"wp:featuredmedia":[{"embeddable":true,"href":"https:\/\/lavereda.com.mx\/index.php\/wp-json\/wp\/v2\/media\/7889"}],"wp:attachment":[{"href":"https:\/\/lavereda.com.mx\/index.php\/wp-json\/wp\/v2\/media?parent=7888"}],"wp:term":[{"taxonomy":"category","embeddable":true,"href":"https:\/\/lavereda.com.mx\/index.php\/wp-json\/wp\/v2\/categories?post=7888"},{"taxonomy":"post_tag","embeddable":true,"href":"https:\/\/lavereda.com.mx\/index.php\/wp-json\/wp\/v2\/tags?post=7888"}],"curies":[{"name":"wp","href":"https:\/\/api.w.org\/{rel}","templated":true}]}}