{"id":7884,"date":"2026-04-30T00:48:33","date_gmt":"2026-04-30T00:48:33","guid":{"rendered":"https:\/\/lavereda.com.mx\/?p=7884"},"modified":"2026-04-30T00:48:34","modified_gmt":"2026-04-30T00:48:34","slug":"preparan-el-concierto-sinfonico-broadway","status":"publish","type":"post","link":"https:\/\/lavereda.com.mx\/index.php\/2026\/04\/30\/preparan-el-concierto-sinfonico-broadway\/","title":{"rendered":"Preparan el Concierto Sinf\u00f3nico \u00abBroadway\u00bb"},"content":{"rendered":"\n<p>El Instituto de M\u00fasica de Coahuila anunci\u00f3 la presentaci\u00f3n de un concierto con los grandes cl\u00e1sicos del teatro musical. El Concierto Sinf\u00f3nico \u00abBroadway\u00bb contar\u00e1 con proyecciones en pantalla y m\u00fasica en vivo, interpretada por la Camerata de Coahuila, bajo la Direcci\u00f3n Art\u00edstica del maestro Ethan Eager. <\/p>\n\n\n\n<p>Este viaje sinf\u00f3nico incluye cl\u00e1sicos emblem\u00e1ticos de Broadway como \u201cLa Novicia Rebelde\u201d, \u201cAmor sin Barreras\u201d, \u201cLos Miserables\u201d, \u201cEl Fantasma de la \u00d3pera\u201d, \u201cHamilton\u201d, \u201cWicked\u201d, \u201cThe Greatest Showman\u201d y \u201cHigh School Musical\u201d, complementando la experiencia musical con ambientaci\u00f3n en el vest\u00edbulo del teatro, que incluye la presencia de actores caracterizados como los protagonistas de estos musicales, todo ello a cargo de Brenda Luna y Lights Before Anything, as\u00ed como proyecciones en pantalla gigante durante la interpretaci\u00f3n de la m\u00fasica.<\/p>\n\n\n\n<p>El concierto se ofrecer\u00e1 en dos funciones, los d\u00edas viernes 15 y s\u00e1bado 16 de mayo de 2026 en el Teatro Nazas. Las puertas se abrir\u00e1n a partir de las 19:00 horas, para que el p\u00fablico pueda disfrutar de la ambientaci\u00f3n y tomarse fotos con sus personajes favoritos, y el concierto dar\u00e1 inicio en punto de las 20:00 horas.<\/p>\n\n\n\n<p>Se inform\u00f3 que lo recaudado se destinar\u00e1 para concluir la ampliaci\u00f3n y equipamiento de las instalaciones del INMUS, lo que permitir\u00e1 aumentar su capacidad para recibir 50 nuevos alumnos y continuar la labor educativa y cultural. Con m\u00e1s de 220 alumnos, cuyas edades oscilan entre 6 y 28 a\u00f1os, adem\u00e1s de un coro institucional de j\u00f3venes y adultos con m\u00e1s de 70 integrantes, el Instituto de M\u00fasica de Coahuila est\u00e1 comprometido con la formaci\u00f3n musical y art\u00edstica de los ni\u00f1os y j\u00f3venes de nuestra regi\u00f3n.<\/p>\n\n\n\n<p>Los boletos para estos conciertos se encuentran ya disponibles en la taquilla del Teatro Nazas y a trav\u00e9s de la plataforma Newticket, tanto en l\u00ednea, como en puntos de venta oficiales.<\/p>\n\n\n\n<p><\/p>\n\n\n\n<figure class=\"wp-block-image size-large is-resized\"><img fetchpriority=\"high\" decoding=\"async\" width=\"668\" height=\"1024\" src=\"https:\/\/lavereda.com.mx\/wp-content\/uploads\/2026\/04\/WhatsApp-Image-2026-04-29-at-1.23.49-PM-668x1024.jpeg\" alt=\"\" class=\"wp-image-7885\" style=\"width:431px;height:auto\" srcset=\"https:\/\/lavereda.com.mx\/wp-content\/uploads\/2026\/04\/WhatsApp-Image-2026-04-29-at-1.23.49-PM-668x1024.jpeg 668w, https:\/\/lavereda.com.mx\/wp-content\/uploads\/2026\/04\/WhatsApp-Image-2026-04-29-at-1.23.49-PM-196x300.jpeg 196w, https:\/\/lavereda.com.mx\/wp-content\/uploads\/2026\/04\/WhatsApp-Image-2026-04-29-at-1.23.49-PM-768x1178.jpeg 768w, https:\/\/lavereda.com.mx\/wp-content\/uploads\/2026\/04\/WhatsApp-Image-2026-04-29-at-1.23.49-PM-1001x1536.jpeg 1001w, https:\/\/lavereda.com.mx\/wp-content\/uploads\/2026\/04\/WhatsApp-Image-2026-04-29-at-1.23.49-PM.jpeg 1043w\" sizes=\"(max-width: 668px) 100vw, 668px\" \/><\/figure>\n","protected":false},"excerpt":{"rendered":"<p>El Instituto de M\u00fasica de Coahuila anunci\u00f3 la presentaci\u00f3n de un concierto con los grandes cl\u00e1sicos del teatro musical. El Concierto Sinf\u00f3nico \u00abBroadway\u00bb contar\u00e1 con proyecciones en pantalla y m\u00fasica &hellip; <a href=\"https:\/\/lavereda.com.mx\/index.php\/2026\/04\/30\/preparan-el-concierto-sinfonico-broadway\/\" class=\"more-link\">Leer m\u00e1s<\/a><\/p>\n","protected":false},"author":1,"featured_media":7886,"comment_status":"open","ping_status":"open","sticky":false,"template":"","format":"standard","meta":{"footnotes":""},"categories":[2,4],"tags":[168],"class_list":["post-7884","post","type-post","status-publish","format-standard","has-post-thumbnail","hentry","category-artes-escenicas","category-musica","tag-broadway","entry"],"_links":{"self":[{"href":"https:\/\/lavereda.com.mx\/index.php\/wp-json\/wp\/v2\/posts\/7884","targetHints":{"allow":["GET"]}}],"collection":[{"href":"https:\/\/lavereda.com.mx\/index.php\/wp-json\/wp\/v2\/posts"}],"about":[{"href":"https:\/\/lavereda.com.mx\/index.php\/wp-json\/wp\/v2\/types\/post"}],"author":[{"embeddable":true,"href":"https:\/\/lavereda.com.mx\/index.php\/wp-json\/wp\/v2\/users\/1"}],"replies":[{"embeddable":true,"href":"https:\/\/lavereda.com.mx\/index.php\/wp-json\/wp\/v2\/comments?post=7884"}],"version-history":[{"count":1,"href":"https:\/\/lavereda.com.mx\/index.php\/wp-json\/wp\/v2\/posts\/7884\/revisions"}],"predecessor-version":[{"id":7887,"href":"https:\/\/lavereda.com.mx\/index.php\/wp-json\/wp\/v2\/posts\/7884\/revisions\/7887"}],"wp:featuredmedia":[{"embeddable":true,"href":"https:\/\/lavereda.com.mx\/index.php\/wp-json\/wp\/v2\/media\/7886"}],"wp:attachment":[{"href":"https:\/\/lavereda.com.mx\/index.php\/wp-json\/wp\/v2\/media?parent=7884"}],"wp:term":[{"taxonomy":"category","embeddable":true,"href":"https:\/\/lavereda.com.mx\/index.php\/wp-json\/wp\/v2\/categories?post=7884"},{"taxonomy":"post_tag","embeddable":true,"href":"https:\/\/lavereda.com.mx\/index.php\/wp-json\/wp\/v2\/tags?post=7884"}],"curies":[{"name":"wp","href":"https:\/\/api.w.org\/{rel}","templated":true}]}}