{"id":7881,"date":"2026-04-29T01:03:36","date_gmt":"2026-04-29T01:03:36","guid":{"rendered":"https:\/\/lavereda.com.mx\/?p=7881"},"modified":"2026-04-29T01:03:37","modified_gmt":"2026-04-29T01:03:37","slug":"invitan-a-participar-en-taller-de-actuacion-para-cine","status":"publish","type":"post","link":"https:\/\/lavereda.com.mx\/index.php\/2026\/04\/29\/invitan-a-participar-en-taller-de-actuacion-para-cine\/","title":{"rendered":"Invitan a participar en taller de actuaci\u00f3n para cine"},"content":{"rendered":"\n<p>El Taller de actuaci\u00f3n para cine de la agencia Talents LAT (Laguna\u2019s Agency of Talent) es una extensi\u00f3n y seguimiento del taller hom\u00f3nimo impartido en marzo por la connotada actriz, guionista y directora&nbsp; de cine Cristina Rodlo, orgullosamente nacida en Torre\u00f3n.<\/p>\n\n\n\n<p>Ahora se invita a las personas interesadas en asistir al taller que se lleva a cabo de forma permanente todos los s\u00e1bados de 10:00 de la ma\u00f1ana a 1:00 de la tarde en la Escuela de Artes Esc\u00e9nicas de la UA de C; con una mensualidad accesible para creadores esc\u00e9nicos, modelos, directores de cine y p\u00fablico en general \u00a0(j\u00f3venes, adultos y adultos mayores con o sin experiencia).<\/p>\n\n\n\n<p>Rodlo film\u00f3 en 2025 su opera prima \u201cSin decir adi\u00f3s\u201d totalmente en su ciudad natal, en la que participaron en su gran mayor\u00eda talento lagunero, engrosando de manera significativa la trama de esta pel\u00edcula cuyo gui\u00f3n fue escrito tambi\u00e9n por la actriz.<\/p>\n\n\n\n<p>Talents LAT, le ha propuesto a Rodlo a sus actrices y actores por medio de este taller para sus pr\u00f3ximas producciones pensadas para filmarse en la Laguna. Ella afirma que es una tierra de grandes artistas y apuesta por el desarrollo y capacitaci\u00f3n de los mismos.<\/p>\n\n\n\n<p>Ahora est\u00e1 ya abierto y disponible este taller en el que se abordan a trav\u00e9s de la pr\u00e1ctica cinematogr\u00e1fica, ejercicios, improvisaciones, escenas de metrajes importantes y el adentramiento a diferentes m\u00e9todos de actuaci\u00f3n empleados para la actuaci\u00f3n en cine, como los de Strassberg, Adler, Hagen, y sobre todo Meisner.<\/p>\n\n\n\n<p>El Taller de actuaci\u00f3n para cine de Talents LAT, pretende ser una cantera de actrices y actores para futuras producciones audiovisuales, en la que asimilan un m\u00e9todo de actuaci\u00f3n, conocimientos t\u00e9cnicos de set y producci\u00f3n, adem\u00e1s de aprender a elaborar eficazmente sus castings y contar con representaci\u00f3n ante una inminente contrataci\u00f3n por alguna producci\u00f3n nacional o internacional .<\/p>\n","protected":false},"excerpt":{"rendered":"<p>El Taller de actuaci\u00f3n para cine de la agencia Talents LAT (Laguna\u2019s Agency of Talent) es una extensi\u00f3n y seguimiento del taller hom\u00f3nimo impartido en marzo por la connotada actriz, &hellip; <a href=\"https:\/\/lavereda.com.mx\/index.php\/2026\/04\/29\/invitan-a-participar-en-taller-de-actuacion-para-cine\/\" class=\"more-link\">Leer m\u00e1s<\/a><\/p>\n","protected":false},"author":1,"featured_media":7882,"comment_status":"open","ping_status":"open","sticky":false,"template":"","format":"standard","meta":{"footnotes":""},"categories":[2,6],"tags":[307,33],"class_list":["post-7881","post","type-post","status-publish","format-standard","has-post-thumbnail","hentry","category-artes-escenicas","category-cinetv","tag-actuacion","tag-torreon-2","entry"],"_links":{"self":[{"href":"https:\/\/lavereda.com.mx\/index.php\/wp-json\/wp\/v2\/posts\/7881","targetHints":{"allow":["GET"]}}],"collection":[{"href":"https:\/\/lavereda.com.mx\/index.php\/wp-json\/wp\/v2\/posts"}],"about":[{"href":"https:\/\/lavereda.com.mx\/index.php\/wp-json\/wp\/v2\/types\/post"}],"author":[{"embeddable":true,"href":"https:\/\/lavereda.com.mx\/index.php\/wp-json\/wp\/v2\/users\/1"}],"replies":[{"embeddable":true,"href":"https:\/\/lavereda.com.mx\/index.php\/wp-json\/wp\/v2\/comments?post=7881"}],"version-history":[{"count":1,"href":"https:\/\/lavereda.com.mx\/index.php\/wp-json\/wp\/v2\/posts\/7881\/revisions"}],"predecessor-version":[{"id":7883,"href":"https:\/\/lavereda.com.mx\/index.php\/wp-json\/wp\/v2\/posts\/7881\/revisions\/7883"}],"wp:featuredmedia":[{"embeddable":true,"href":"https:\/\/lavereda.com.mx\/index.php\/wp-json\/wp\/v2\/media\/7882"}],"wp:attachment":[{"href":"https:\/\/lavereda.com.mx\/index.php\/wp-json\/wp\/v2\/media?parent=7881"}],"wp:term":[{"taxonomy":"category","embeddable":true,"href":"https:\/\/lavereda.com.mx\/index.php\/wp-json\/wp\/v2\/categories?post=7881"},{"taxonomy":"post_tag","embeddable":true,"href":"https:\/\/lavereda.com.mx\/index.php\/wp-json\/wp\/v2\/tags?post=7881"}],"curies":[{"name":"wp","href":"https:\/\/api.w.org\/{rel}","templated":true}]}}