{"id":788,"date":"2020-10-20T16:11:13","date_gmt":"2020-10-20T16:11:13","guid":{"rendered":"http:\/\/lavereda.com.mx\/?p=788"},"modified":"2020-10-20T16:11:15","modified_gmt":"2020-10-20T16:11:15","slug":"los-riesgos-del-ocio-4","status":"publish","type":"post","link":"https:\/\/lavereda.com.mx\/index.php\/2020\/10\/20\/los-riesgos-del-ocio-4\/","title":{"rendered":"Los riesgos del ocio"},"content":{"rendered":"\n<p>Unos meses despu\u00e9s de iniciada la pandemia con la que hemos estado conviviendo desde marzo, comenzaron las buenas gentes a solicitarnos, a los no tan buenas gentes, que \u201cpor favor, consuman local\u201d y eso con la finalidad de apoyar a todos esos establecimientos que permanecieron cerrados un tiempo pero que ya ten\u00edan permiso para continuar sus actividades.&nbsp;<\/p>\n\n\n\n<p>Bien, pens\u00e9, trataremos de hacerlo en lo posible. As\u00ed que un s\u00e1bado de mandado cualquiera me levant\u00e9 con el firme prop\u00f3sito de ir al mercado, toda fresca yo con mi lista de compras en la mano y mi bolsa para la fruta. Llego y resulta que me doy cuenta de que a quien madruga nadie le ayuda. El mercado cerrado. Me dije, est\u00e1 bien, supongo que las 8 de la ma\u00f1ana no es una hora propicia, creo que inician a las nueve. Me regreso a casa a tomar el caf\u00e9, que yo preparo porque las cafeter\u00edas que solicitan que los apoyes no abren sino hasta las diez o pasadas las diez de la ma\u00f1ana, lo cual carece de sentido porque el caf\u00e9 entre m\u00e1s temprano mejor, creo yo.<\/p>\n\n\n\n<blockquote class=\"wp-block-quote is-layout-flow wp-block-quote-is-layout-flow\"><p>Regreso al mercado\u00a0\u00a0a las nueve. Cerrado. Espero, pensando en esa costumbre de la gente de no abrir puntuales sino minutos o cuarto de hora despu\u00e9s, pero nada. As\u00ed que opt\u00e9 por lo que hacemos las personas que iniciamos temprano el d\u00eda, me fui al supermercado que siempre est\u00e1 abierto desde las 7 de la ma\u00f1ana.<\/p><\/blockquote>\n\n\n\n<p>Esa situaci\u00f3n s\u00f3lo la viv\u00ed dos s\u00e1bados m\u00e1s. Uno de ellos,&nbsp;&nbsp;sal\u00ed con el deseo de probar el pan de dulce de cierto restaurante peque\u00f1o de la ciudad que se anuncia con deliciosas fotos. El antojo me hizo ponerme los tenis y el brasier&nbsp;&nbsp;para salir en su b\u00fasqueda. Cerrado.&nbsp;&nbsp;Y la \u00faltima oportunidad se la di a la tienda de la esquina. Nada. Todos los d\u00edas salgo al trabajo a las ocho de la ma\u00f1ana hora en que no se ven movimientos detr\u00e1s de la doble puerta con que se protege la tiendita.&nbsp;<\/p>\n\n\n\n<p>Aqu\u00ed llenar\u00eda mi p\u00e1gina de emoticones tristes, pero mejor opto por seguir con mi costumbre de adquirir donde puedo los productos que necesito para alimentarme o vestir; sum\u00e1ndome a la cantidad de gente que piensa que no vale la pena esperar a ver a qu\u00e9 hora abren para hacer el mandado o comprar&nbsp;&nbsp;una comida que a la larga resulta m\u00e1s cara que la hecha en casa. Adem\u00e1s, cocino de manera artesanal y la tortiller\u00eda siempre est\u00e1 abierta a las siete de la ma\u00f1ana.<\/p>\n","protected":false},"excerpt":{"rendered":"<p>Unos meses despu\u00e9s de iniciada la pandemia con la que hemos estado conviviendo desde marzo, comenzaron las buenas gentes a solicitarnos, a los no tan buenas gentes, que \u201cpor favor, &hellip; <a href=\"https:\/\/lavereda.com.mx\/index.php\/2020\/10\/20\/los-riesgos-del-ocio-4\/\" class=\"more-link\">Leer m\u00e1s<\/a><\/p>\n","protected":false},"author":11,"featured_media":789,"comment_status":"open","ping_status":"open","sticky":false,"template":"","format":"standard","meta":{"footnotes":""},"categories":[18,9],"tags":[],"class_list":["post-788","post","type-post","status-publish","format-standard","has-post-thumbnail","hentry","category-lomasrelevante","category-opinion","entry"],"_links":{"self":[{"href":"https:\/\/lavereda.com.mx\/index.php\/wp-json\/wp\/v2\/posts\/788","targetHints":{"allow":["GET"]}}],"collection":[{"href":"https:\/\/lavereda.com.mx\/index.php\/wp-json\/wp\/v2\/posts"}],"about":[{"href":"https:\/\/lavereda.com.mx\/index.php\/wp-json\/wp\/v2\/types\/post"}],"author":[{"embeddable":true,"href":"https:\/\/lavereda.com.mx\/index.php\/wp-json\/wp\/v2\/users\/11"}],"replies":[{"embeddable":true,"href":"https:\/\/lavereda.com.mx\/index.php\/wp-json\/wp\/v2\/comments?post=788"}],"version-history":[{"count":1,"href":"https:\/\/lavereda.com.mx\/index.php\/wp-json\/wp\/v2\/posts\/788\/revisions"}],"predecessor-version":[{"id":790,"href":"https:\/\/lavereda.com.mx\/index.php\/wp-json\/wp\/v2\/posts\/788\/revisions\/790"}],"wp:featuredmedia":[{"embeddable":true,"href":"https:\/\/lavereda.com.mx\/index.php\/wp-json\/wp\/v2\/media\/789"}],"wp:attachment":[{"href":"https:\/\/lavereda.com.mx\/index.php\/wp-json\/wp\/v2\/media?parent=788"}],"wp:term":[{"taxonomy":"category","embeddable":true,"href":"https:\/\/lavereda.com.mx\/index.php\/wp-json\/wp\/v2\/categories?post=788"},{"taxonomy":"post_tag","embeddable":true,"href":"https:\/\/lavereda.com.mx\/index.php\/wp-json\/wp\/v2\/tags?post=788"}],"curies":[{"name":"wp","href":"https:\/\/api.w.org\/{rel}","templated":true}]}}