{"id":7878,"date":"2026-04-26T16:22:21","date_gmt":"2026-04-26T16:22:21","guid":{"rendered":"https:\/\/lavereda.com.mx\/?p=7878"},"modified":"2026-04-26T16:22:22","modified_gmt":"2026-04-26T16:22:22","slug":"a-la-hora-del-cafe-16","status":"publish","type":"post","link":"https:\/\/lavereda.com.mx\/index.php\/2026\/04\/26\/a-la-hora-del-cafe-16\/","title":{"rendered":"A la hora del caf\u00e9"},"content":{"rendered":"\n<h3 class=\"wp-block-heading\">Entre libros y escenarios<\/h3>\n\n\n\n<p>Entre marzo y abril celebramos tres fechas importantes: el D\u00eda Mundial del Teatro, el D\u00eda Mundial del Libro y el D\u00eda Internacional de la Danza. Escribo esta columna un d\u00eda entre semana, mientras pienso si tendr\u00e9 horas libres para terminar el \u00faltimo cap\u00edtulo de un libro pendiente (siempre hay uno pendiente) y mientras trato de vender boletos para una obra de teatro musical que se celebra este domingo.<\/p>\n\n\n\n<p>Hay personas para quienes los libros, el teatro y la danza han formado parte de su vida de una manera natural. No me declaro la mujer m\u00e1s lectora, pero no concibo una semana ni un mes sin una lectura nueva de cabecera, con lo caro que se ha vuelto comprar libros fui la m\u00e1s feliz cuando decid\u00ed regalarme de cumplea\u00f1os una Kindle y empec\u00e9 a comprar libros electr\u00f3nicos y a recibir otros de obsequio.<\/p>\n\n\n\n<p>No obstante, abrir un libro nuevo, con sus solapas perfectas, su hoja de dedicatoria, pr\u00f3logo, contra portada, no se compara con la experiencia de la lectura electr\u00f3nica. As\u00ed que este 23 de abril D\u00eda Mundial del Libro, me llena de alegr\u00eda todo lo relacionado con la lectura, aunque sea una actividad poco fomentada en M\u00e9xico, m\u00e1s all\u00e1 del discurso oficial, siempre demag\u00f3gico e insuficiente.<\/p>\n\n\n\n<p>Regreso al D\u00eda Mundial del Teatro, celebrado el pasado 27 de marzo. Adem\u00e1s de actuar en obras durante mi etapa de estudiante en preparatoria y universidad, he sido amiga entra\u00f1able de actrices y actores, productores, directores, dramaturgas y debo decir que el teatro fue mi primer acercamiento al arte. Todo cambi\u00f3 cuando mi abuelita me invit\u00f3 a ver \u201cLa Ratonera\u201d de Agatha Christie y \u201cLa Danza que sue\u00f1a la tortuga\u201d de Emilio Carballido. Desde ah\u00ed, nada fue igual. Persegu\u00ed las mejores obras aqu\u00ed y en otras ciudades.<\/p>\n\n\n\n<p>La danza tambi\u00e9n me atrap\u00f3. Conoc\u00ed desde sus or\u00edgenes el Centro Regional de Danza Contempor\u00e1nea (Hoy Escuela Municipal de Danza) impulsada por el maestro Jaime Hinojosa, quien desde finales de los noventa trajo a La Laguna los mejores encuentros de danza contempor\u00e1nea con compa\u00f1\u00edas nacionales e internacionales.<\/p>\n\n\n\n<p>Tuve la suerte de poder tomar clase de ballet y danza contempor\u00e1nea a inicios de los 2000 en el anterior Centro de Iniciaci\u00f3n Art\u00edstica Pilar Rioja (Cinart), hoy Instituto de M\u00fasica de Coahuila, si de disciplina se trata hay que usar mallas, zapatillas y leotardos incluso a 38 grados y aprender t\u00e9cnica hasta que los huesos duelan.<\/p>\n\n\n\n<p>Por la prisa, el trabajo y la rutina me ha faltado tiempo de ser aquella espectadora esc\u00e9nica fiel que fui desde muy joven, por suerte llegu\u00e9 al periodismo cultural y he podido internarme en los procesos creativos y esc\u00e9nicos del teatro, la danza y la literatura.<\/p>\n\n\n\n<p>Siento nostalgia por las obras que disfrut\u00e9 y por los libros le\u00eddos. Ojal\u00e1 que estas fechas nos sigan ense\u00f1ando que hay mucha literatura y arte por disfrutar.<\/p>\n\n\n\n<p>X @Lavargasadri<\/p>\n","protected":false},"excerpt":{"rendered":"<p>Entre libros y escenarios Entre marzo y abril celebramos tres fechas importantes: el D\u00eda Mundial del Teatro, el D\u00eda Mundial del Libro y el D\u00eda Internacional de la Danza. Escribo &hellip; <a href=\"https:\/\/lavereda.com.mx\/index.php\/2026\/04\/26\/a-la-hora-del-cafe-16\/\" class=\"more-link\">Leer m\u00e1s<\/a><\/p>\n","protected":false},"author":9,"featured_media":7879,"comment_status":"open","ping_status":"open","sticky":false,"template":"","format":"standard","meta":{"footnotes":""},"categories":[18,9],"tags":[45,44,36],"class_list":["post-7878","post","type-post","status-publish","format-standard","has-post-thumbnail","hentry","category-lomasrelevante","category-opinion","tag-danza","tag-libros","tag-teatro","entry"],"_links":{"self":[{"href":"https:\/\/lavereda.com.mx\/index.php\/wp-json\/wp\/v2\/posts\/7878","targetHints":{"allow":["GET"]}}],"collection":[{"href":"https:\/\/lavereda.com.mx\/index.php\/wp-json\/wp\/v2\/posts"}],"about":[{"href":"https:\/\/lavereda.com.mx\/index.php\/wp-json\/wp\/v2\/types\/post"}],"author":[{"embeddable":true,"href":"https:\/\/lavereda.com.mx\/index.php\/wp-json\/wp\/v2\/users\/9"}],"replies":[{"embeddable":true,"href":"https:\/\/lavereda.com.mx\/index.php\/wp-json\/wp\/v2\/comments?post=7878"}],"version-history":[{"count":1,"href":"https:\/\/lavereda.com.mx\/index.php\/wp-json\/wp\/v2\/posts\/7878\/revisions"}],"predecessor-version":[{"id":7880,"href":"https:\/\/lavereda.com.mx\/index.php\/wp-json\/wp\/v2\/posts\/7878\/revisions\/7880"}],"wp:featuredmedia":[{"embeddable":true,"href":"https:\/\/lavereda.com.mx\/index.php\/wp-json\/wp\/v2\/media\/7879"}],"wp:attachment":[{"href":"https:\/\/lavereda.com.mx\/index.php\/wp-json\/wp\/v2\/media?parent=7878"}],"wp:term":[{"taxonomy":"category","embeddable":true,"href":"https:\/\/lavereda.com.mx\/index.php\/wp-json\/wp\/v2\/categories?post=7878"},{"taxonomy":"post_tag","embeddable":true,"href":"https:\/\/lavereda.com.mx\/index.php\/wp-json\/wp\/v2\/tags?post=7878"}],"curies":[{"name":"wp","href":"https:\/\/api.w.org\/{rel}","templated":true}]}}