{"id":782,"date":"2020-10-17T15:32:46","date_gmt":"2020-10-17T15:32:46","guid":{"rendered":"http:\/\/lavereda.com.mx\/?p=782"},"modified":"2020-10-17T15:32:48","modified_gmt":"2020-10-17T15:32:48","slug":"cine-tv-carandiru","status":"publish","type":"post","link":"https:\/\/lavereda.com.mx\/index.php\/2020\/10\/17\/cine-tv-carandiru\/","title":{"rendered":"Cine Tv: Carandiru"},"content":{"rendered":"\n<p><strong>(Carandiru, 2003)<\/strong><\/p>\n\n\n\n<p>En 1992 ocurri\u00f3 una de las peores masacres carcelarias de la historia. En la prisi\u00f3n de Carandiru, Brasil, decenas de reos fueron masacrados por la polic\u00eda militar, luego de una revuelta interna.<\/p>\n\n\n\n<p>El drama dirigido por Hector Babenco es una especie de examen antropol\u00f3gico sobre las historias de vida de algunos de los internos que ocupaban en ese sobrepoblado centro penitenciario, que lleg\u00f3 a ser el m\u00e1s grande de Am\u00e9rica Latina.<\/p>\n\n\n\n<p>A trav\u00e9s del m\u00e9dico que adentro efectuaba ex\u00e1menes de VIH entre los reclusos, se van contando las circunstancias que los llevaron a estar ah\u00ed. Se dramatizan los sucesos criminales por los que terminaron tras las rejas, como una forma de darles humanidad a esas personas olvidadas por la sociedad, que los considera la peor de las escorias.<\/p>\n\n\n\n<p>No hay santos dentro de Carandiru, pero s\u00ed personas con sus propios anhelos, alegr\u00edas, tristezas esperanzas y, tambi\u00e9n, con personas que los esperan afuera y que sufren con ellos por el encierro.<\/p>\n\n\n\n<p>Luego del \u00e1gil anecdotario, ocurre un desenlace brutal. Como bien dice el ep\u00edlogo, solo los polic\u00edas, los sobrevivientes y Dios saben lo que realmente ocurri\u00f3 durante esa tr\u00e1gica jornada. Babenco interpreta el libro de Dr\u00e1uzio Varella para imaginar y mostrar en im\u00e1genes el horror que padecieron los presos desarmados, que fueron aniquilados como ratas.<\/p>\n\n\n\n<p>Larga en duraci\u00f3n, con m\u00e1s de dos horas y media, esta es una estrujante pel\u00edcula, que golpea directamente en el est\u00f3mago.<\/p>\n\n\n\n<p>(R. Restringido; menores de 17 deben estar acompa\u00f1ados de sus padres)<\/p>\n\n\n\n<p>Netflix<\/p>\n\n\n\n<p>@LucianoCamposG<\/p>\n","protected":false},"excerpt":{"rendered":"<p>(Carandiru, 2003) En 1992 ocurri\u00f3 una de las peores masacres carcelarias de la historia. En la prisi\u00f3n de Carandiru, Brasil, decenas de reos fueron masacrados por la polic\u00eda militar, luego &hellip; <a href=\"https:\/\/lavereda.com.mx\/index.php\/2020\/10\/17\/cine-tv-carandiru\/\" class=\"more-link\">Leer m\u00e1s<\/a><\/p>\n","protected":false},"author":3,"featured_media":783,"comment_status":"open","ping_status":"open","sticky":false,"template":"","format":"standard","meta":{"footnotes":""},"categories":[6],"tags":[],"class_list":["post-782","post","type-post","status-publish","format-standard","has-post-thumbnail","hentry","category-cinetv","entry"],"_links":{"self":[{"href":"https:\/\/lavereda.com.mx\/index.php\/wp-json\/wp\/v2\/posts\/782","targetHints":{"allow":["GET"]}}],"collection":[{"href":"https:\/\/lavereda.com.mx\/index.php\/wp-json\/wp\/v2\/posts"}],"about":[{"href":"https:\/\/lavereda.com.mx\/index.php\/wp-json\/wp\/v2\/types\/post"}],"author":[{"embeddable":true,"href":"https:\/\/lavereda.com.mx\/index.php\/wp-json\/wp\/v2\/users\/3"}],"replies":[{"embeddable":true,"href":"https:\/\/lavereda.com.mx\/index.php\/wp-json\/wp\/v2\/comments?post=782"}],"version-history":[{"count":1,"href":"https:\/\/lavereda.com.mx\/index.php\/wp-json\/wp\/v2\/posts\/782\/revisions"}],"predecessor-version":[{"id":784,"href":"https:\/\/lavereda.com.mx\/index.php\/wp-json\/wp\/v2\/posts\/782\/revisions\/784"}],"wp:featuredmedia":[{"embeddable":true,"href":"https:\/\/lavereda.com.mx\/index.php\/wp-json\/wp\/v2\/media\/783"}],"wp:attachment":[{"href":"https:\/\/lavereda.com.mx\/index.php\/wp-json\/wp\/v2\/media?parent=782"}],"wp:term":[{"taxonomy":"category","embeddable":true,"href":"https:\/\/lavereda.com.mx\/index.php\/wp-json\/wp\/v2\/categories?post=782"},{"taxonomy":"post_tag","embeddable":true,"href":"https:\/\/lavereda.com.mx\/index.php\/wp-json\/wp\/v2\/tags?post=782"}],"curies":[{"name":"wp","href":"https:\/\/api.w.org\/{rel}","templated":true}]}}