{"id":779,"date":"2020-10-17T15:18:21","date_gmt":"2020-10-17T15:18:21","guid":{"rendered":"http:\/\/lavereda.com.mx\/?p=779"},"modified":"2020-10-17T15:18:23","modified_gmt":"2020-10-17T15:18:23","slug":"al-fin-dan-luz-verde-a-los-teatros-en-coahuila","status":"publish","type":"post","link":"https:\/\/lavereda.com.mx\/index.php\/2020\/10\/17\/al-fin-dan-luz-verde-a-los-teatros-en-coahuila\/","title":{"rendered":"Al fin: dan luz verde a los teatros en Coahuila"},"content":{"rendered":"\n<p>Hace un par de semanas la Feria Internacional de Libro de Guadalajara anunci\u00f3 que su edici\u00f3n este a\u00f1o ser\u00e1 virtual. Era tal vez el \u00faltimo gran festival cultural en el que se ten\u00eda la esperanza de volver al formato presencial. Pero no hubo las condiciones, pues los contagios por COVID 19 en Jalisco y en el pa\u00eds no lo permitieron.<\/p>\n\n\n\n<p>Hubo decepci\u00f3n en el gremio literario, editorial y cultural. Incluso hubo qui\u00e9n se cuestion\u00f3 c\u00f3mo era posible que se contemplara abrir los estadios de futbol al 50% de su capacidad, pero los principales eventos culturales se cancelaran\u2026<\/p>\n\n\n\n<p>Despu\u00e9s en Coahuila, donde hasta ahora solo han abierto los museos y algunas salas de cine, la Secretar\u00eda de Cultura estatal solicit\u00f3 al subcomit\u00e9 regional de salud, la apertura de los teatros al 30% de su capacidad.<\/p>\n\n\n\n<p>La titular de la dependencia Ana Sof\u00eda Garc\u00eda Camil, explic\u00f3 que tras la pandemia&nbsp;uno de los grupos que m\u00e1s se ha visto afectado es el de la comunidad art\u00edstica, pues en el caso de actrices, bailarines, actores&nbsp;han dejado de hacer temporadas de teatro, entre otras actividades.<\/p>\n\n\n\n<p>Por tal motivo pidi\u00f3 a los subcomit\u00e9s regionales de todo el estado su respaldo para abrir los espacios esc\u00e9nicos, como son teatros, foros, auditorios y espacios no convencionales, para lo que present\u00f3 un protocolo.<\/p>\n\n\n\n<p>Esta semana en La Laguna se realiz\u00f3 una capacitaci\u00f3n por parte de la Jurisdicci\u00f3n Sanitaria y la Secretar\u00eda de Salud con encargados de espacios esc\u00e9nicos, quienes en cuanto tengan listos sus protocolos; podr\u00e1n abrir las puertas al p\u00fablico cuidando los accesos de entrada y de salida, respetando la sana distancia y con un aforo del 30 por ciento.&nbsp;<\/p>\n\n\n\n<p>La medida es similar a la que se lleva a cabo actualmente en las salas de cine, que son espacios con las mismas caracter\u00edsticas y que ya fueron autorizados para operar con anterioridad.<\/p>\n\n\n\n<p>Ser\u00e1 decisi\u00f3n de cada familia acudir a los teatros cuando se presente su oferta de actividades. De ser as\u00ed, con todas las medidas de precauci\u00f3n, piensen que estar\u00e1n ayudando a reactivar poco a poco uno de los sectores m\u00e1s golpeados por la emergencia de salud.<\/p>\n\n\n\n<p>Un bailar\u00edn, un actor, un artista del escenario m\u00e1s de siete meses inactivo, es una verdadera tristeza. En muchos a\u00f1os, es m\u00e1s en d\u00e9cadas, nunca antes los artistas tuvieron que suspender por tanto tiempo su contacto con el p\u00fablico. Hay que recordar: no s\u00f3lo de futbol, netflix o cine, se puede nutrir nuestro esp\u00edritu.<\/p>\n\n\n\n<p><em>Twitter @Lavargasadri.<\/em><\/p>\n","protected":false},"excerpt":{"rendered":"<p>Hace un par de semanas la Feria Internacional de Libro de Guadalajara anunci\u00f3 que su edici\u00f3n este a\u00f1o ser\u00e1 virtual. Era tal vez el \u00faltimo gran festival cultural en el &hellip; <a href=\"https:\/\/lavereda.com.mx\/index.php\/2020\/10\/17\/al-fin-dan-luz-verde-a-los-teatros-en-coahuila\/\" class=\"more-link\">Leer m\u00e1s<\/a><\/p>\n","protected":false},"author":9,"featured_media":780,"comment_status":"open","ping_status":"open","sticky":false,"template":"","format":"standard","meta":{"footnotes":""},"categories":[2,9],"tags":[],"class_list":["post-779","post","type-post","status-publish","format-standard","has-post-thumbnail","hentry","category-artes-escenicas","category-opinion","entry"],"_links":{"self":[{"href":"https:\/\/lavereda.com.mx\/index.php\/wp-json\/wp\/v2\/posts\/779","targetHints":{"allow":["GET"]}}],"collection":[{"href":"https:\/\/lavereda.com.mx\/index.php\/wp-json\/wp\/v2\/posts"}],"about":[{"href":"https:\/\/lavereda.com.mx\/index.php\/wp-json\/wp\/v2\/types\/post"}],"author":[{"embeddable":true,"href":"https:\/\/lavereda.com.mx\/index.php\/wp-json\/wp\/v2\/users\/9"}],"replies":[{"embeddable":true,"href":"https:\/\/lavereda.com.mx\/index.php\/wp-json\/wp\/v2\/comments?post=779"}],"version-history":[{"count":1,"href":"https:\/\/lavereda.com.mx\/index.php\/wp-json\/wp\/v2\/posts\/779\/revisions"}],"predecessor-version":[{"id":781,"href":"https:\/\/lavereda.com.mx\/index.php\/wp-json\/wp\/v2\/posts\/779\/revisions\/781"}],"wp:featuredmedia":[{"embeddable":true,"href":"https:\/\/lavereda.com.mx\/index.php\/wp-json\/wp\/v2\/media\/780"}],"wp:attachment":[{"href":"https:\/\/lavereda.com.mx\/index.php\/wp-json\/wp\/v2\/media?parent=779"}],"wp:term":[{"taxonomy":"category","embeddable":true,"href":"https:\/\/lavereda.com.mx\/index.php\/wp-json\/wp\/v2\/categories?post=779"},{"taxonomy":"post_tag","embeddable":true,"href":"https:\/\/lavereda.com.mx\/index.php\/wp-json\/wp\/v2\/tags?post=779"}],"curies":[{"name":"wp","href":"https:\/\/api.w.org\/{rel}","templated":true}]}}