{"id":7758,"date":"2026-03-13T17:39:29","date_gmt":"2026-03-13T17:39:29","guid":{"rendered":"https:\/\/lavereda.com.mx\/?p=7758"},"modified":"2026-03-13T19:48:14","modified_gmt":"2026-03-13T19:48:14","slug":"ser-mujer-directora-ya-no-es-imposible-ines-rodriguez","status":"publish","type":"post","link":"https:\/\/lavereda.com.mx\/index.php\/2026\/03\/13\/ser-mujer-directora-ya-no-es-imposible-ines-rodriguez\/","title":{"rendered":"Ser mujer directora ya no es imposible: In\u00e9s Rodr\u00edguez"},"content":{"rendered":"\n<p>In\u00e9s Rodr\u00edguez, considerada una de las m\u00e1s destacadas directoras de orquesta en M\u00e9xico, es la cuarta mujer invitada a dirigir un concierto de Camerata de Coahuila en m\u00e1s de 30 a\u00f1os.<\/p>\n\n\n\n<p>En este mes de la mujer, la directora originaria de Tamaulipas ha sido invitada a presentar un programa con obras de mujeres compositoras y una sinfon\u00eda de Schubert, el viernes en el Teatro Isauro Mart\u00ednez.<\/p>\n\n\n\n<p>En entrevista nos platic\u00f3 que la m\u00fasica se dio en ella de una forma natural, adem\u00e1s de ser flautista decidi\u00f3 enfocarse en la direcci\u00f3n:<\/p>\n\n\n\n<blockquote class=\"wp-block-quote is-layout-flow wp-block-quote-is-layout-flow\">\n<p>\u201cFue por una clase optativa que tuve que elegir al final de mi carrera, que la eleg\u00ed porque andaba las prisas y ten\u00eda una gran lista, desde que entr\u00e9 a esa clase, desde que pude tener esa percepci\u00f3n ahora desde el otro lado de la orquesta, fue que me interes\u00f3 much\u00edsimo y el maestro Juan Jos\u00e9 Maldonado en su momento me dio la oportunidad para explorar m\u00e1s la direcci\u00f3n de orquesta, fue entonces que busqu\u00e9 en otros lados fuera del pa\u00eds para poder estudiar la carrera\u201d.<\/p>\n<\/blockquote>\n\n\n\n<p>In\u00e9s Rodr\u00edguez ha dirigido a las principales orquestas del pa\u00eds como la Filarm\u00f3nica de la UNAM y la Orquesta Filarm\u00f3nica de la Ciudad de M\u00e9xico. Adem\u00e1s de ser la cuarta mujer invitada a dirigir a Camerata, es la primera invitada del Estado de Tamaulipas, lo que le genera un gran orgullo:<\/p>\n\n\n\n<p>\u201cEs un honor. Yo creo que soy la cuarta mujer invitada, pero yo creo que la primera de Tamaulipeca, entonces me quedo con ese ese orgullo de representar a mi estado, representar a la Universidad aut\u00f3noma de Tamaulipas, que es mi casa. Para m\u00ed es un honor realmente estar con estos grandes m\u00fasicos en este lugar que es nuevo para m\u00ed, pero que hicimos una relaci\u00f3n musical muy buena desde el d\u00eda uno\u201d.<\/p>\n\n\n\n<p>&nbsp;La maestra invit\u00f3 a las mujeres a animarse a tomar el camino de la direcci\u00f3n orquestal:<\/p>\n\n\n\n<blockquote class=\"wp-block-quote is-layout-flow wp-block-quote-is-layout-flow\">\n<p>\u201cNo hay muchas directoras, pero es posible, lo demuestra justamente la historia y todas las mujeres que han estado detr\u00e1s de nosotras, que han abierto el camino tanto para la direcci\u00f3n orquestal como para composici\u00f3n, incluso para lugares dentro de las orquestas que poco a poco se van formando de m\u00e1s mujeres. Siempre es bueno que sepan que est\u00e1 este camino, que hay que seguir luchando para que haya m\u00e1s equidad y tambi\u00e9n que ya no se ve algo imposible\u00bb.<\/p>\n<\/blockquote>\n\n\n\n<p>La directora destac\u00f3 que ser\u00eda muy dif\u00edcil que ella hubiera estado aqu\u00ed hace 30 a\u00f1os, \u201cahora es posible hacerlo porque tenemos muchas muchas orquestas ya alrededor del mundo y en Latinoam\u00e9rica con ese compromiso de que la m\u00fasica es para todos\u201d.<\/p>\n","protected":false},"excerpt":{"rendered":"<p>In\u00e9s Rodr\u00edguez, considerada una de las m\u00e1s destacadas directoras de orquesta en M\u00e9xico, es la cuarta mujer invitada a dirigir un concierto de Camerata de Coahuila en m\u00e1s de 30 &hellip; <a href=\"https:\/\/lavereda.com.mx\/index.php\/2026\/03\/13\/ser-mujer-directora-ya-no-es-imposible-ines-rodriguez\/\" class=\"more-link\">Leer m\u00e1s<\/a><\/p>\n","protected":false},"author":9,"featured_media":7759,"comment_status":"open","ping_status":"open","sticky":false,"template":"","format":"standard","meta":{"footnotes":""},"categories":[12,4],"tags":[],"class_list":["post-7758","post","type-post","status-publish","format-standard","has-post-thumbnail","hentry","category-equidad","category-musica","entry"],"_links":{"self":[{"href":"https:\/\/lavereda.com.mx\/index.php\/wp-json\/wp\/v2\/posts\/7758","targetHints":{"allow":["GET"]}}],"collection":[{"href":"https:\/\/lavereda.com.mx\/index.php\/wp-json\/wp\/v2\/posts"}],"about":[{"href":"https:\/\/lavereda.com.mx\/index.php\/wp-json\/wp\/v2\/types\/post"}],"author":[{"embeddable":true,"href":"https:\/\/lavereda.com.mx\/index.php\/wp-json\/wp\/v2\/users\/9"}],"replies":[{"embeddable":true,"href":"https:\/\/lavereda.com.mx\/index.php\/wp-json\/wp\/v2\/comments?post=7758"}],"version-history":[{"count":2,"href":"https:\/\/lavereda.com.mx\/index.php\/wp-json\/wp\/v2\/posts\/7758\/revisions"}],"predecessor-version":[{"id":7761,"href":"https:\/\/lavereda.com.mx\/index.php\/wp-json\/wp\/v2\/posts\/7758\/revisions\/7761"}],"wp:featuredmedia":[{"embeddable":true,"href":"https:\/\/lavereda.com.mx\/index.php\/wp-json\/wp\/v2\/media\/7759"}],"wp:attachment":[{"href":"https:\/\/lavereda.com.mx\/index.php\/wp-json\/wp\/v2\/media?parent=7758"}],"wp:term":[{"taxonomy":"category","embeddable":true,"href":"https:\/\/lavereda.com.mx\/index.php\/wp-json\/wp\/v2\/categories?post=7758"},{"taxonomy":"post_tag","embeddable":true,"href":"https:\/\/lavereda.com.mx\/index.php\/wp-json\/wp\/v2\/tags?post=7758"}],"curies":[{"name":"wp","href":"https:\/\/api.w.org\/{rel}","templated":true}]}}