{"id":7754,"date":"2026-03-13T02:34:22","date_gmt":"2026-03-13T02:34:22","guid":{"rendered":"https:\/\/lavereda.com.mx\/?p=7754"},"modified":"2026-03-13T02:34:23","modified_gmt":"2026-03-13T02:34:23","slug":"mezquite-celebra-30-anos-de-hacer-danza","status":"publish","type":"post","link":"https:\/\/lavereda.com.mx\/index.php\/2026\/03\/13\/mezquite-celebra-30-anos-de-hacer-danza\/","title":{"rendered":"Mezquite celebra 30 a\u00f1os de hacer danza"},"content":{"rendered":"\n<p>Este 2026 la compa\u00f1\u00eda Mezquite, danza contempor\u00e1nea; celebra 30 a\u00f1os de hacer danza. Para anunciar los festejos de este aniversario, el maestro Jaime Hinojosa ofreci\u00f3 una rueda de prensa este jueves, acompa\u00f1ado de Sara y Berenice Ovalle, bailarinas de la compa\u00f1\u00eda y Alam Sarmiento y actor y colaborador de la misma.<\/p>\n\n\n\n<p>En este encuentro, el maestro Jaime Hinojosa coment\u00f3 que, bajo la premisa de que todo proceso educativo va de la mano de un proyecto art\u00edstico, fund\u00f3 en 1996, la Compa\u00f1\u00eda Mezquite DC a la par de la ESDACONT (Escuela Municipal de Danza) -antes CEREDAN en G\u00f3mez palacio, creando as\u00ed, un primer n\u00facleo de referencia profesional. <\/p>\n\n\n\n<p>Afirm\u00f3 que \u00abel objetivo que la gener\u00f3 y mantiene su permanencia, sigue siendo su principal motivaci\u00f3n: Sostener la educaci\u00f3n, el desarrollo, apreciaci\u00f3n y difusi\u00f3n de la danza contempor\u00e1nea en la oferta y demanda educativa y cultural de la regi\u00f3n lagunera y zona noreste del pa\u00eds\u00bb.<\/p>\n\n\n\n<p><br>Mezquite DC, promotora desde entonces de esta disciplina en la regi\u00f3n, llega a su 30 aniversario.<\/p>\n\n\n\n<p>\u00abA\u00f1os gozosos llenos de profesionalismo y entusiasmo con algunos da\u00f1os colaterales, solventes todos por su propia capacidad de resistencia, como los mezquites \u201c\u2026que, convencidos del sol, agradecen la tarde sin r\u00edo ni esperanza\u2026\u201d agreg\u00f3 Jaime, citando a Marco A. Jim\u00e9nez.<\/p>\n\n\n\n<p>Mezquite se ha presentado en los teatros del Centro Nacional de las Artes y en las temporadas \u201cOtras latitudes\u201d y \u201cConsagrados\u201d, en el Teatro de la Danza del INBAL y giras tanto regionales y nacionales. Ha obtenido apoyos de FONCA en Coinversiones, de CONACULTA\/INBAL \u201cM\u00e9xico en escena\u201d y EPRODANZA. Grupos art\u00edsticos por ICOCULT e ICED. Algunos de sus bailarines en J\u00f3venes creadores y Creadores esc\u00e9nicos por FONCA y en PECDAS regionales. Su director cuenta con la Medalla de Bellas Artes y el Premio Nacional de Danza Jos\u00e9 Lim\u00f3n.<\/p>\n\n\n\n<p>PROGRAMA DE ANIVERSARIO<\/p>\n\n\n\n<p>Mezquite DC, que agradece al Instituto Municipal de Cultura y Educaci\u00f3n el uso de las instalaciones de la ESDACONT para su d\u00eda a d\u00eda, es beneficiaria este a\u00f1o del programa \u201cProducci\u00f3n de danza realizada con el est\u00edmulo fiscal del art\u00edculo 190 de la LISR\u201d (Efiartes). Para esta celebraci\u00f3n anuncia el programa \u201cNaturalezas vivas\u201d el cual, se fundamenta en analog\u00edas y met\u00e1foras que aluden a la fragilidad y a las migraciones.<\/p>\n\n\n\n<p><br>Este programa se conforma por tres danzas: \u201cViento solano\u201d de Sara Ovalle, \u201cLas sombras de Komorebi\u201d, de Alam Sarmiento y \u201cSobre la fragilidad\u201d de Jaime Hinojosa. <\/p>\n\n\n\n<p>ACTIVIDADES PRIMER SEMESTRE<br>La compa\u00f1\u00eda adelant\u00f3 que el 9 de junio se presentar\u00e1 en el Teatro Nazas, el 19 de junio en el Festival Internacional Saltillo 2026. El 27 de junio en Monclova en el Teatro Ra\u00fal Flores Canelo; y realizar\u00e1 una intervenci\u00f3n a la Exposici\u00f3n de Escher en el Museo Arocena, as\u00ed como el programa \u00a8Verde \u00e1mbar tir\u00e1ndole a rojo\u2026en los sem\u00e1foros\u201d, durante el mes de mayo.<\/p>\n","protected":false},"excerpt":{"rendered":"<p>Este 2026 la compa\u00f1\u00eda Mezquite, danza contempor\u00e1nea; celebra 30 a\u00f1os de hacer danza. Para anunciar los festejos de este aniversario, el maestro Jaime Hinojosa ofreci\u00f3 una rueda de prensa este &hellip; <a href=\"https:\/\/lavereda.com.mx\/index.php\/2026\/03\/13\/mezquite-celebra-30-anos-de-hacer-danza\/\" class=\"more-link\">Leer m\u00e1s<\/a><\/p>\n","protected":false},"author":9,"featured_media":7756,"comment_status":"open","ping_status":"open","sticky":false,"template":"","format":"standard","meta":{"footnotes":""},"categories":[2],"tags":[],"class_list":["post-7754","post","type-post","status-publish","format-standard","has-post-thumbnail","hentry","category-artes-escenicas","entry"],"_links":{"self":[{"href":"https:\/\/lavereda.com.mx\/index.php\/wp-json\/wp\/v2\/posts\/7754","targetHints":{"allow":["GET"]}}],"collection":[{"href":"https:\/\/lavereda.com.mx\/index.php\/wp-json\/wp\/v2\/posts"}],"about":[{"href":"https:\/\/lavereda.com.mx\/index.php\/wp-json\/wp\/v2\/types\/post"}],"author":[{"embeddable":true,"href":"https:\/\/lavereda.com.mx\/index.php\/wp-json\/wp\/v2\/users\/9"}],"replies":[{"embeddable":true,"href":"https:\/\/lavereda.com.mx\/index.php\/wp-json\/wp\/v2\/comments?post=7754"}],"version-history":[{"count":2,"href":"https:\/\/lavereda.com.mx\/index.php\/wp-json\/wp\/v2\/posts\/7754\/revisions"}],"predecessor-version":[{"id":7757,"href":"https:\/\/lavereda.com.mx\/index.php\/wp-json\/wp\/v2\/posts\/7754\/revisions\/7757"}],"wp:featuredmedia":[{"embeddable":true,"href":"https:\/\/lavereda.com.mx\/index.php\/wp-json\/wp\/v2\/media\/7756"}],"wp:attachment":[{"href":"https:\/\/lavereda.com.mx\/index.php\/wp-json\/wp\/v2\/media?parent=7754"}],"wp:term":[{"taxonomy":"category","embeddable":true,"href":"https:\/\/lavereda.com.mx\/index.php\/wp-json\/wp\/v2\/categories?post=7754"},{"taxonomy":"post_tag","embeddable":true,"href":"https:\/\/lavereda.com.mx\/index.php\/wp-json\/wp\/v2\/tags?post=7754"}],"curies":[{"name":"wp","href":"https:\/\/api.w.org\/{rel}","templated":true}]}}