{"id":7750,"date":"2026-03-12T15:31:08","date_gmt":"2026-03-12T15:31:08","guid":{"rendered":"https:\/\/lavereda.com.mx\/?p=7750"},"modified":"2026-03-12T15:31:10","modified_gmt":"2026-03-12T15:31:10","slug":"la-osijut-prepara-el-concierto-tempestad-y-bravura","status":"publish","type":"post","link":"https:\/\/lavereda.com.mx\/index.php\/2026\/03\/12\/la-osijut-prepara-el-concierto-tempestad-y-bravura\/","title":{"rendered":"La OSIJUT prepara el concierto \u00abTempestad y Bravura\u00bb"},"content":{"rendered":"\n<p>Ya se acerca el primer concierto de temporada denominado \u201cTempestad y Bravura\u201d por la Orquesta Sinf\u00f3nica Juvenil de Torre\u00f3n (OSIJUT).<\/p>\n\n\n\n<p>Bajo la direcci\u00f3n de Ethan Eager, la OSIJUT presentar\u00e1 este primer concierto del a\u00f1o que viene acompa\u00f1ado de obras de Modest M\u00fasorgski, Carl Maria von Weber y Georges Bizet.<\/p>\n\n\n\n<p>La cita ser\u00e1 el pr\u00f3ximo martes 24 de marzo del 2026 en el Teatro Isauro Mart\u00ednez las 20:00 hrs. con acceso libre a todo p\u00fablico.<\/p>\n\n\n\n<p>Los compositores Modest M\u00fasorgski, Carl Maria von Weber y Georges Bizet forman parte del repertorio de la m\u00fasica cl\u00e1sica europea y son reconocidos por sus aportaciones a la m\u00fasica orquestal y oper\u00edstica del siglo XIX. M\u00fasorgski destac\u00f3 por su estilo nacionalista ruso y obras con gran fuerza expresiva inspiradas en la historia y el folclore de su pa\u00eds.<\/p>\n\n\n\n<p>Por su parte, Weber es considerado uno de los pioneros de la \u00f3pera rom\u00e1ntica alemana, con composiciones que combinan dramatismo, elementos sobrenaturales y riqueza orquestal. En tanto, Bizet alcanz\u00f3 gran reconocimiento dentro de la \u00f3pera francesa gracias a su m\u00fasica apasionada, mel\u00f3dica y teatral, que retrata con gran intensidad las emociones humanas.<\/p>\n\n\n\n<p>Actualmente la OSIJUT, conformada por m\u00e1s de 70 integrantes, brinda un espacio sano en el cual fortalecer el sentido de identidad y de pertenencia de sus integrantes, y en donde pueden aprender y compartir el arte de la m\u00fasica; as\u00ed contribuyendo a hacerlos mejores ciudadanos con valores como disciplina, trabajo en equipo, y apreciaci\u00f3n de la belleza de la m\u00fasica y del arte \u2013 todas estas cualidades y valores intr\u00ednsecos al trabajo de una orquesta sinf\u00f3nica. En los casi quince a\u00f1os desde su fundaci\u00f3n, esta agrupaci\u00f3n ha llegado a ser una parte importante y esencial del escenario cultural, social y educativo de la regi\u00f3n.<\/p>\n","protected":false},"excerpt":{"rendered":"<p>Ya se acerca el primer concierto de temporada denominado \u201cTempestad y Bravura\u201d por la Orquesta Sinf\u00f3nica Juvenil de Torre\u00f3n (OSIJUT). Bajo la direcci\u00f3n de Ethan Eager, la OSIJUT presentar\u00e1 este &hellip; <a href=\"https:\/\/lavereda.com.mx\/index.php\/2026\/03\/12\/la-osijut-prepara-el-concierto-tempestad-y-bravura\/\" class=\"more-link\">Leer m\u00e1s<\/a><\/p>\n","protected":false},"author":1,"featured_media":7751,"comment_status":"open","ping_status":"open","sticky":false,"template":"","format":"standard","meta":{"footnotes":""},"categories":[4],"tags":[],"class_list":["post-7750","post","type-post","status-publish","format-standard","has-post-thumbnail","hentry","category-musica","entry"],"_links":{"self":[{"href":"https:\/\/lavereda.com.mx\/index.php\/wp-json\/wp\/v2\/posts\/7750","targetHints":{"allow":["GET"]}}],"collection":[{"href":"https:\/\/lavereda.com.mx\/index.php\/wp-json\/wp\/v2\/posts"}],"about":[{"href":"https:\/\/lavereda.com.mx\/index.php\/wp-json\/wp\/v2\/types\/post"}],"author":[{"embeddable":true,"href":"https:\/\/lavereda.com.mx\/index.php\/wp-json\/wp\/v2\/users\/1"}],"replies":[{"embeddable":true,"href":"https:\/\/lavereda.com.mx\/index.php\/wp-json\/wp\/v2\/comments?post=7750"}],"version-history":[{"count":2,"href":"https:\/\/lavereda.com.mx\/index.php\/wp-json\/wp\/v2\/posts\/7750\/revisions"}],"predecessor-version":[{"id":7753,"href":"https:\/\/lavereda.com.mx\/index.php\/wp-json\/wp\/v2\/posts\/7750\/revisions\/7753"}],"wp:featuredmedia":[{"embeddable":true,"href":"https:\/\/lavereda.com.mx\/index.php\/wp-json\/wp\/v2\/media\/7751"}],"wp:attachment":[{"href":"https:\/\/lavereda.com.mx\/index.php\/wp-json\/wp\/v2\/media?parent=7750"}],"wp:term":[{"taxonomy":"category","embeddable":true,"href":"https:\/\/lavereda.com.mx\/index.php\/wp-json\/wp\/v2\/categories?post=7750"},{"taxonomy":"post_tag","embeddable":true,"href":"https:\/\/lavereda.com.mx\/index.php\/wp-json\/wp\/v2\/tags?post=7750"}],"curies":[{"name":"wp","href":"https:\/\/api.w.org\/{rel}","templated":true}]}}