{"id":771,"date":"2020-10-16T17:52:07","date_gmt":"2020-10-16T17:52:07","guid":{"rendered":"http:\/\/lavereda.com.mx\/?p=771"},"modified":"2020-10-16T17:52:09","modified_gmt":"2020-10-16T17:52:09","slug":"marina-de-tavira-y-alfonso-herrera-estrenan-el-paraiso-de-la-invencion","status":"publish","type":"post","link":"https:\/\/lavereda.com.mx\/index.php\/2020\/10\/16\/marina-de-tavira-y-alfonso-herrera-estrenan-el-paraiso-de-la-invencion\/","title":{"rendered":"Marina de Tavira y Alfonso Herrera estrenan: El para\u00edso de la invenci\u00f3n"},"content":{"rendered":"\n<ul class=\"wp-block-list\"><li><strong>Bajo la direcci\u00f3n de Lorena Maza y la dramaturgia de Isabela Coppel, esta obra nace durante el confinamiento para divertir al p\u00fablico a partir de un texto profundo, cargado de humor negro.<\/strong><\/li><\/ul>\n\n\n\n<p>CUDAD DE M\u00c9XICO. Para apoyar la reactivaci\u00f3n de la cultura en M\u00e9xico, Talipot Studio y MIO Projects, presentar\u00e1n los d\u00edas 27, 28 y 29 de noviembre la puesta teatral El para\u00edso de la invenci\u00f3n, ser\u00e1n tres exclusivas funciones v\u00eda streaming en la plataforma de Teatrix M\u00e9xico.\u00a0Horarios de transmisi\u00f3n desde la Ciudad de M\u00e9xico:<br><\/p>\n\n\n\n<figure class=\"wp-block-pullquote\"><blockquote><p>Viernes 27 de noviembre\u2013 20:30 horas.<br>S\u00e1bado 28 de noviembre \u2013 20:00 horas<br>Domingo 29 de noviembre \u2013 18:00 horas<br><\/p><\/blockquote><\/figure>\n\n\n\n<p>Marina de Tavira y Alfonso Herrera dan vida a un emotivo y desgarrador drama, en donde retratan la historia de una familia muy particular que a simple vista no se puede catalogar. Durante la puesta, su actuaci\u00f3n lleva al espectador a conocer sus m\u00e1s profundos pensamientos, donde sobrellevan sus heridas y complejidades.<\/p>\n\n\n\n<p>La pluma de la dramaturga Isabela Coppel relata la vida de estos personajes y la direcci\u00f3n esta a cargo de la reconocida directora teatral Lorena Maza.<\/p>\n\n\n\n<p>Los personajes principales navegan a contracorriente en una sociedad manipulada por la simulaci\u00f3n, lo pol\u00edticamente correcto, as\u00ed como las falsas preocupaciones sociales, donde har\u00e1n lo posible para reconciliarse con su pasado, su presente, y, sobre todo, con lo que planean hacer hacia el futuro.<\/p>\n\n\n\n<p>El drama es una puesta en escena \u00e1gil, con m\u00ednimos recursos escenogr\u00e1ficos, que transporta al espectador a una enorme cantidad de lugares y situaciones<\/p>\n\n\n\n<p>con el potente poder de la evocaci\u00f3n y una depurada t\u00e9cnica actoral de sus int\u00e9rpretes, quienes, adem\u00e1s de ofrecer una propuesta \u00e1gil, divertida y entra\u00f1able, comparten una actuaci\u00f3n visceral, arriesgada y profundamente sentida; capaz de transportar a esos momentos ficcionales con los recursos inherentes de los actores.<\/p>\n\n\n\n<p>Producci\u00f3n de Talipot Studio y MIO Projects, El Para\u00edso de la invenci\u00f3n es una historia sobre el fracaso, el duelo y el amor. Es un relato \u00edntimo en el que los protagonistas revelan las batallas que tuvieron y tienen que librar, desde su ni\u00f1ez hasta su madurez, en una sociedad que manipula la construcci\u00f3n de lo que es una familia, con la cual tendr\u00e1n que confrontarse y decidir cu\u00e1l es la historia que quieren tener.<\/p>\n","protected":false},"excerpt":{"rendered":"<p>Bajo la direcci\u00f3n de Lorena Maza y la dramaturgia de Isabela Coppel, esta obra nace durante el confinamiento para divertir al p\u00fablico a partir de un texto profundo, cargado de &hellip; <a href=\"https:\/\/lavereda.com.mx\/index.php\/2020\/10\/16\/marina-de-tavira-y-alfonso-herrera-estrenan-el-paraiso-de-la-invencion\/\" class=\"more-link\">Leer m\u00e1s<\/a><\/p>\n","protected":false},"author":1,"featured_media":773,"comment_status":"open","ping_status":"open","sticky":false,"template":"","format":"standard","meta":{"footnotes":""},"categories":[2],"tags":[],"class_list":["post-771","post","type-post","status-publish","format-standard","has-post-thumbnail","hentry","category-artes-escenicas","entry"],"_links":{"self":[{"href":"https:\/\/lavereda.com.mx\/index.php\/wp-json\/wp\/v2\/posts\/771","targetHints":{"allow":["GET"]}}],"collection":[{"href":"https:\/\/lavereda.com.mx\/index.php\/wp-json\/wp\/v2\/posts"}],"about":[{"href":"https:\/\/lavereda.com.mx\/index.php\/wp-json\/wp\/v2\/types\/post"}],"author":[{"embeddable":true,"href":"https:\/\/lavereda.com.mx\/index.php\/wp-json\/wp\/v2\/users\/1"}],"replies":[{"embeddable":true,"href":"https:\/\/lavereda.com.mx\/index.php\/wp-json\/wp\/v2\/comments?post=771"}],"version-history":[{"count":1,"href":"https:\/\/lavereda.com.mx\/index.php\/wp-json\/wp\/v2\/posts\/771\/revisions"}],"predecessor-version":[{"id":774,"href":"https:\/\/lavereda.com.mx\/index.php\/wp-json\/wp\/v2\/posts\/771\/revisions\/774"}],"wp:featuredmedia":[{"embeddable":true,"href":"https:\/\/lavereda.com.mx\/index.php\/wp-json\/wp\/v2\/media\/773"}],"wp:attachment":[{"href":"https:\/\/lavereda.com.mx\/index.php\/wp-json\/wp\/v2\/media?parent=771"}],"wp:term":[{"taxonomy":"category","embeddable":true,"href":"https:\/\/lavereda.com.mx\/index.php\/wp-json\/wp\/v2\/categories?post=771"},{"taxonomy":"post_tag","embeddable":true,"href":"https:\/\/lavereda.com.mx\/index.php\/wp-json\/wp\/v2\/tags?post=771"}],"curies":[{"name":"wp","href":"https:\/\/api.w.org\/{rel}","templated":true}]}}