{"id":769,"date":"2020-10-16T17:38:02","date_gmt":"2020-10-16T17:38:02","guid":{"rendered":"http:\/\/lavereda.com.mx\/?p=769"},"modified":"2020-10-16T17:38:05","modified_gmt":"2020-10-16T17:38:05","slug":"podcast-1-comentario-semanal","status":"publish","type":"post","link":"https:\/\/lavereda.com.mx\/index.php\/2020\/10\/16\/podcast-1-comentario-semanal\/","title":{"rendered":"Podcast 1: comentario semanal"},"content":{"rendered":"\n<p>Te compartimos el primer podcast de La Vereda, con el comentario sobre las noticias m\u00e1s sobresalientes de la semana:<\/p>\n\n\n\n<ul class=\"wp-block-list\"><li>Las culturas prehisp\u00e1nicas en Europa, la situaci\u00f3n de los teatros en la regi\u00f3n y m\u00e1s:<\/li><\/ul>\n\n\n\n<figure class=\"wp-block-embed-youtube wp-block-embed is-type-video is-provider-youtube wp-embed-aspect-16-9 wp-has-aspect-ratio\"><div class=\"wp-block-embed__wrapper\">\n<iframe title=\"Podcast 1: Comentario semanal. La Vereda: Arte, sociedad y ocio.\" width=\"1170\" height=\"658\" src=\"https:\/\/www.youtube.com\/embed\/oxfcBSAHKKs?feature=oembed\" frameborder=\"0\" allow=\"accelerometer; autoplay; clipboard-write; encrypted-media; gyroscope; picture-in-picture\" allowfullscreen><\/iframe>\n<\/div><\/figure>\n","protected":false},"excerpt":{"rendered":"<p>Te compartimos el primer podcast de La Vereda, con el comentario sobre las noticias m\u00e1s sobresalientes de la semana: Las culturas prehisp\u00e1nicas en Europa, la situaci\u00f3n de los teatros en &hellip; <a href=\"https:\/\/lavereda.com.mx\/index.php\/2020\/10\/16\/podcast-1-comentario-semanal\/\" class=\"more-link\">Leer m\u00e1s<\/a><\/p>\n","protected":false},"author":1,"featured_media":0,"comment_status":"open","ping_status":"open","sticky":false,"template":"","format":"standard","meta":{"footnotes":""},"categories":[11,2],"tags":[],"class_list":["post-769","post","type-post","status-publish","format-standard","hentry","category-agenda","category-artes-escenicas","entry"],"_links":{"self":[{"href":"https:\/\/lavereda.com.mx\/index.php\/wp-json\/wp\/v2\/posts\/769","targetHints":{"allow":["GET"]}}],"collection":[{"href":"https:\/\/lavereda.com.mx\/index.php\/wp-json\/wp\/v2\/posts"}],"about":[{"href":"https:\/\/lavereda.com.mx\/index.php\/wp-json\/wp\/v2\/types\/post"}],"author":[{"embeddable":true,"href":"https:\/\/lavereda.com.mx\/index.php\/wp-json\/wp\/v2\/users\/1"}],"replies":[{"embeddable":true,"href":"https:\/\/lavereda.com.mx\/index.php\/wp-json\/wp\/v2\/comments?post=769"}],"version-history":[{"count":1,"href":"https:\/\/lavereda.com.mx\/index.php\/wp-json\/wp\/v2\/posts\/769\/revisions"}],"predecessor-version":[{"id":770,"href":"https:\/\/lavereda.com.mx\/index.php\/wp-json\/wp\/v2\/posts\/769\/revisions\/770"}],"wp:attachment":[{"href":"https:\/\/lavereda.com.mx\/index.php\/wp-json\/wp\/v2\/media?parent=769"}],"wp:term":[{"taxonomy":"category","embeddable":true,"href":"https:\/\/lavereda.com.mx\/index.php\/wp-json\/wp\/v2\/categories?post=769"},{"taxonomy":"post_tag","embeddable":true,"href":"https:\/\/lavereda.com.mx\/index.php\/wp-json\/wp\/v2\/tags?post=769"}],"curies":[{"name":"wp","href":"https:\/\/api.w.org\/{rel}","templated":true}]}}