{"id":766,"date":"2020-10-15T15:03:06","date_gmt":"2020-10-15T15:03:06","guid":{"rendered":"http:\/\/lavereda.com.mx\/?p=766"},"modified":"2020-10-15T15:03:08","modified_gmt":"2020-10-15T15:03:08","slug":"cuarteto-latinoamericano-rememora-a-beethoven","status":"publish","type":"post","link":"https:\/\/lavereda.com.mx\/index.php\/2020\/10\/15\/cuarteto-latinoamericano-rememora-a-beethoven\/","title":{"rendered":"Cuarteto Latinoamericano rememora a Beethoven"},"content":{"rendered":"\n<ul class=\"wp-block-list\"><li><strong>El recital, en homenaje a Ludwig van Beethoven, por el 250 aniversario de su natalicio, ser\u00e1 transmitido el jueves 15 de octubre a las 17 horas<\/strong><\/li><\/ul>\n\n\n\n<p>Como parte de la programaci\u00f3n en l\u00ednea del Festival Internacional Cervantino (FIC) 2020 y en el marco del 250 aniversario del nacimiento de Ludwig van Beethoven, la Secretar\u00eda de Cultura del Gobierno de M\u00e9xico y el Instituto Nacional de Bellas Artes y Literatura (INBAL) presentan el recital virtual del Cuarteto Latinoamericano.&nbsp;<\/p>\n\n\n\n<p>Para esta funci\u00f3n especial, que se transmitir\u00e1 en la p\u00e1gina del Festival Internacional Cervantino (<a href=\"https:\/\/festivalcervantino.gob.mx\/\">festivalcervantino.gob.mx<\/a>) y la plataforma Contigo en la distancia (<a href=\"https:\/\/contigoenladistancia.cultura.gob.mx\/\">contigoenladistancia.cultura.gob.mx<\/a>), el Cuarteto Latinoamericano, el cual integran los hermanos Ar\u00f3n, \u00c1lvaro y Sa\u00fal Bitr\u00e1n, as\u00ed como Javier Montiel, interpretar\u00e1n las piezas&nbsp;<em>Tr\u00edo Op.9 n\u00fam. 3 en Do menor<\/em>&nbsp;y&nbsp;<em>Tr\u00edo Op. 9 n\u00fam. 1 en Sol mayor<\/em>&nbsp;del compositor.<\/p>\n\n\n\n<p>Al tratarse de dos obras compuestas para tr\u00edo, en el programa participan Ar\u00f3n Bitr\u00e1n en el viol\u00edn, Javier Montiel, viola, y \u00c1lvaro Bitr\u00e1n, violonchelo.<\/p>\n\n\n\n<p>Las obras a interpretar evocan el periodo temprano del&nbsp;<em>Genio de Bonn<\/em>&nbsp;que, a decir de los cr\u00edticos, son verdaderas joyas de principio a fin y muestran un dominio fluido de los tres instrumentos.<\/p>\n","protected":false},"excerpt":{"rendered":"<p>El recital, en homenaje a Ludwig van Beethoven, por el 250 aniversario de su natalicio, ser\u00e1 transmitido el jueves 15 de octubre a las 17 horas Como parte de la &hellip; <a href=\"https:\/\/lavereda.com.mx\/index.php\/2020\/10\/15\/cuarteto-latinoamericano-rememora-a-beethoven\/\" class=\"more-link\">Leer m\u00e1s<\/a><\/p>\n","protected":false},"author":1,"featured_media":767,"comment_status":"open","ping_status":"open","sticky":false,"template":"","format":"standard","meta":{"footnotes":""},"categories":[11,4],"tags":[],"class_list":["post-766","post","type-post","status-publish","format-standard","has-post-thumbnail","hentry","category-agenda","category-musica","entry"],"_links":{"self":[{"href":"https:\/\/lavereda.com.mx\/index.php\/wp-json\/wp\/v2\/posts\/766","targetHints":{"allow":["GET"]}}],"collection":[{"href":"https:\/\/lavereda.com.mx\/index.php\/wp-json\/wp\/v2\/posts"}],"about":[{"href":"https:\/\/lavereda.com.mx\/index.php\/wp-json\/wp\/v2\/types\/post"}],"author":[{"embeddable":true,"href":"https:\/\/lavereda.com.mx\/index.php\/wp-json\/wp\/v2\/users\/1"}],"replies":[{"embeddable":true,"href":"https:\/\/lavereda.com.mx\/index.php\/wp-json\/wp\/v2\/comments?post=766"}],"version-history":[{"count":1,"href":"https:\/\/lavereda.com.mx\/index.php\/wp-json\/wp\/v2\/posts\/766\/revisions"}],"predecessor-version":[{"id":768,"href":"https:\/\/lavereda.com.mx\/index.php\/wp-json\/wp\/v2\/posts\/766\/revisions\/768"}],"wp:featuredmedia":[{"embeddable":true,"href":"https:\/\/lavereda.com.mx\/index.php\/wp-json\/wp\/v2\/media\/767"}],"wp:attachment":[{"href":"https:\/\/lavereda.com.mx\/index.php\/wp-json\/wp\/v2\/media?parent=766"}],"wp:term":[{"taxonomy":"category","embeddable":true,"href":"https:\/\/lavereda.com.mx\/index.php\/wp-json\/wp\/v2\/categories?post=766"},{"taxonomy":"post_tag","embeddable":true,"href":"https:\/\/lavereda.com.mx\/index.php\/wp-json\/wp\/v2\/tags?post=766"}],"curies":[{"name":"wp","href":"https:\/\/api.w.org\/{rel}","templated":true}]}}