{"id":763,"date":"2020-10-14T15:38:41","date_gmt":"2020-10-14T15:38:41","guid":{"rendered":"http:\/\/lavereda.com.mx\/?p=763"},"modified":"2020-10-14T15:42:04","modified_gmt":"2020-10-14T15:42:04","slug":"cuentos-desde-mi-ventana-episodio-1-una-larga-espera","status":"publish","type":"post","link":"https:\/\/lavereda.com.mx\/index.php\/2020\/10\/14\/cuentos-desde-mi-ventana-episodio-1-una-larga-espera\/","title":{"rendered":"Cuentos desde mi ventana. Episodio 1: Una larga espera"},"content":{"rendered":"\n<p>\u00bfSer\u00e1 que las aves no est\u00e1n en cuarentena&#8230;?<\/p>\n\n\n\n<p>Y t\u00fa \u00bfc\u00f3mo has vivido esta pandemia? Te invitamos a escuchar este audio cuento que prepar\u00f3 \u00abAmonite\u00bb, una p\u00e1gina de ciencia, tecnolog\u00eda para ni\u00f1os y mucho m\u00e1s:<\/p>\n\n\n\n<p>Despu\u00e9s de escucharlo, puedes compartirlo con tus amigos y familiares:<\/p>\n\n\n\n<figure class=\"wp-block-embed-youtube wp-block-embed is-type-video is-provider-youtube wp-embed-aspect-4-3 wp-has-aspect-ratio\"><div class=\"wp-block-embed__wrapper\">\n<iframe title=\"Cuentos desde mi ventana - 01 - La larga espera\" width=\"1170\" height=\"878\" src=\"https:\/\/www.youtube.com\/embed\/RcncdkW90nQ?feature=oembed\" frameborder=\"0\" allow=\"accelerometer; autoplay; clipboard-write; encrypted-media; gyroscope; picture-in-picture\" allowfullscreen><\/iframe>\n<\/div><\/figure>\n\n\n\n<p><\/p>\n","protected":false},"excerpt":{"rendered":"<p>\u00bfSer\u00e1 que las aves no est\u00e1n en cuarentena&#8230;? Y t\u00fa \u00bfc\u00f3mo has vivido esta pandemia? Te invitamos a escuchar este audio cuento que prepar\u00f3 \u00abAmonite\u00bb, una p\u00e1gina de ciencia, tecnolog\u00eda &hellip; <a href=\"https:\/\/lavereda.com.mx\/index.php\/2020\/10\/14\/cuentos-desde-mi-ventana-episodio-1-una-larga-espera\/\" class=\"more-link\">Leer m\u00e1s<\/a><\/p>\n","protected":false},"author":1,"featured_media":765,"comment_status":"open","ping_status":"open","sticky":false,"template":"","format":"standard","meta":{"footnotes":""},"categories":[10],"tags":[],"class_list":["post-763","post","type-post","status-publish","format-standard","has-post-thumbnail","hentry","category-la-vereda-infantil","entry"],"_links":{"self":[{"href":"https:\/\/lavereda.com.mx\/index.php\/wp-json\/wp\/v2\/posts\/763","targetHints":{"allow":["GET"]}}],"collection":[{"href":"https:\/\/lavereda.com.mx\/index.php\/wp-json\/wp\/v2\/posts"}],"about":[{"href":"https:\/\/lavereda.com.mx\/index.php\/wp-json\/wp\/v2\/types\/post"}],"author":[{"embeddable":true,"href":"https:\/\/lavereda.com.mx\/index.php\/wp-json\/wp\/v2\/users\/1"}],"replies":[{"embeddable":true,"href":"https:\/\/lavereda.com.mx\/index.php\/wp-json\/wp\/v2\/comments?post=763"}],"version-history":[{"count":1,"href":"https:\/\/lavereda.com.mx\/index.php\/wp-json\/wp\/v2\/posts\/763\/revisions"}],"predecessor-version":[{"id":764,"href":"https:\/\/lavereda.com.mx\/index.php\/wp-json\/wp\/v2\/posts\/763\/revisions\/764"}],"wp:featuredmedia":[{"embeddable":true,"href":"https:\/\/lavereda.com.mx\/index.php\/wp-json\/wp\/v2\/media\/765"}],"wp:attachment":[{"href":"https:\/\/lavereda.com.mx\/index.php\/wp-json\/wp\/v2\/media?parent=763"}],"wp:term":[{"taxonomy":"category","embeddable":true,"href":"https:\/\/lavereda.com.mx\/index.php\/wp-json\/wp\/v2\/categories?post=763"},{"taxonomy":"post_tag","embeddable":true,"href":"https:\/\/lavereda.com.mx\/index.php\/wp-json\/wp\/v2\/tags?post=763"}],"curies":[{"name":"wp","href":"https:\/\/api.w.org\/{rel}","templated":true}]}}