{"id":759,"date":"2020-10-14T01:39:01","date_gmt":"2020-10-14T01:39:01","guid":{"rendered":"http:\/\/lavereda.com.mx\/?p=759"},"modified":"2020-10-14T01:41:53","modified_gmt":"2020-10-14T01:41:53","slug":"el-cervantino-virtual-llega-a-coahuila","status":"publish","type":"post","link":"https:\/\/lavereda.com.mx\/index.php\/2020\/10\/14\/el-cervantino-virtual-llega-a-coahuila\/","title":{"rendered":"El Cervantino virtual, llega a Coahuila"},"content":{"rendered":"\n<p>Diversas actividades de Festival Internacional Cervantino llegar\u00e1n a Coahuila de forma virtual, a trav\u00e9s de la p\u00e1gina de Facebook de la Secretar\u00eda de Cultura del estado (<a rel=\"noreferrer noopener\" href=\"https:\/\/www.facebook.com\/CulturaCoahuilaOficial\/\" target=\"_blank\">https:\/\/www.facebook.com\/CulturaCoahuilaOficial<\/a>).<\/p>\n\n\n\n<p>De esta manera, el mi\u00e9rcoles 14 se llevar\u00e1 a cabo el Concierto Mexicano con la Orquesta Filarm\u00f3nica del Desierto de Coahuila, a las 17:00 horas.<\/p>\n\n\n\n<p>En tanto, a las 21:00 horas, contin\u00faa la programaci\u00f3n con Beethoven en la intimidad (Ludwig 2.0) con la Compa\u00f1\u00eda Nacional de Danza, en colaboraci\u00f3n con el INBAL.<\/p>\n\n\n\n<p>Al d\u00eda siguiente, el jueves 15 a las 11:00 horas; llega Toompak, (m\u00fasicadores de objetos) a las 17:00 horas; luego viene el homenaje a Ludwig Van Beethoven, con el Cuarteto Latinoamericano en colaboraci\u00f3n con el FONCA M\u00e9xico.<\/p>\n\n\n\n<p>Ese mismo d\u00eda, Son del Mont\u00f3n \u201cColectivo\u201d, Afro-Son, en colaboraci\u00f3n con el IEC de Guanajuato a las 18:00 horas; mientras que a las 20:00 horas llega \u201cMam\u00e1 Lux Boreal\u201d, en colaboraci\u00f3n con el Fonca (adolescentes y adultos).<\/p>\n\n\n\n<p>Para el viernes 16, se presenta TROKER M\u00e9xico, a 20:00 horas. Finalmente, el domingo al medio d\u00eda llega \u201cEl Barbero de Sevilla\u201d, Escenia Ensamble en colaboraci\u00f3n con el FONCA; y a las 21:00 horas \u201cNoche Electr\u00f3nica China, Proyecci\u00f3n de Luces en los Pastitos\u201d, Liia (Zhao Chenchu) y Fencha (Mou Xiaolong) en colaboraci\u00f3n con la Embajada de China.<\/p>\n\n\n\n<p>Para mayores informes sobre la programaci\u00f3n del Festival Cervantino se encuentran a disposici\u00f3n las p\u00e1ginas:<\/p>\n\n\n\n<p><a href=\"http:\/\/contigoenladistancia.cultura.gob.mx\/\" target=\"_blank\" rel=\"noreferrer noopener\">contigoenladistancia.cultura.gob.mx<\/a>,&nbsp;<a href=\"http:\/\/festivalcervantino.gob.mx\/\" target=\"_blank\" rel=\"noreferrer noopener\">festivalcervantino.gob.mx<\/a>, @CERVANTINO.<\/p>\n","protected":false},"excerpt":{"rendered":"<p>Diversas actividades de Festival Internacional Cervantino llegar\u00e1n a Coahuila de forma virtual, a trav\u00e9s de la p\u00e1gina de Facebook de la Secretar\u00eda de Cultura del estado (https:\/\/www.facebook.com\/CulturaCoahuilaOficial). De esta manera, &hellip; <a href=\"https:\/\/lavereda.com.mx\/index.php\/2020\/10\/14\/el-cervantino-virtual-llega-a-coahuila\/\" class=\"more-link\">Leer m\u00e1s<\/a><\/p>\n","protected":false},"author":1,"featured_media":760,"comment_status":"open","ping_status":"open","sticky":false,"template":"","format":"standard","meta":{"footnotes":""},"categories":[11,2],"tags":[],"class_list":["post-759","post","type-post","status-publish","format-standard","has-post-thumbnail","hentry","category-agenda","category-artes-escenicas","entry"],"_links":{"self":[{"href":"https:\/\/lavereda.com.mx\/index.php\/wp-json\/wp\/v2\/posts\/759","targetHints":{"allow":["GET"]}}],"collection":[{"href":"https:\/\/lavereda.com.mx\/index.php\/wp-json\/wp\/v2\/posts"}],"about":[{"href":"https:\/\/lavereda.com.mx\/index.php\/wp-json\/wp\/v2\/types\/post"}],"author":[{"embeddable":true,"href":"https:\/\/lavereda.com.mx\/index.php\/wp-json\/wp\/v2\/users\/1"}],"replies":[{"embeddable":true,"href":"https:\/\/lavereda.com.mx\/index.php\/wp-json\/wp\/v2\/comments?post=759"}],"version-history":[{"count":2,"href":"https:\/\/lavereda.com.mx\/index.php\/wp-json\/wp\/v2\/posts\/759\/revisions"}],"predecessor-version":[{"id":762,"href":"https:\/\/lavereda.com.mx\/index.php\/wp-json\/wp\/v2\/posts\/759\/revisions\/762"}],"wp:featuredmedia":[{"embeddable":true,"href":"https:\/\/lavereda.com.mx\/index.php\/wp-json\/wp\/v2\/media\/760"}],"wp:attachment":[{"href":"https:\/\/lavereda.com.mx\/index.php\/wp-json\/wp\/v2\/media?parent=759"}],"wp:term":[{"taxonomy":"category","embeddable":true,"href":"https:\/\/lavereda.com.mx\/index.php\/wp-json\/wp\/v2\/categories?post=759"},{"taxonomy":"post_tag","embeddable":true,"href":"https:\/\/lavereda.com.mx\/index.php\/wp-json\/wp\/v2\/tags?post=759"}],"curies":[{"name":"wp","href":"https:\/\/api.w.org\/{rel}","templated":true}]}}